{"id":8676,"date":"2026-02-05T17:41:00","date_gmt":"2026-02-05T15:41:00","guid":{"rendered":"https:\/\/antiguedadespasquin.com\/llanties-fase-antigues-disseny-llum-i-art-en-cada-raco\/"},"modified":"2026-02-05T17:41:00","modified_gmt":"2026-02-05T15:41:00","slug":"llanties-fase-antigues-disseny-llum-i-art-en-cada-raco","status":"publish","type":"post","link":"https:\/\/antiguedadespasquin.com\/ca\/llanties-fase-antigues-disseny-llum-i-art-en-cada-raco\/","title":{"rendered":"Ll\u00e0nties Fase Antigues: disseny, llum i art en cada rac\u00f3"},"content":{"rendered":"<p><strong>Introducci\u00f3<\/strong>: si ets aficionat a les antiguitats o treballes en la decoraci\u00f3 amb peces hist\u00f2riques, les <em>ll\u00e0nties Fase antigues<\/em> representen una conjunci\u00f3 \u00fanica de disseny, funcionalitat i valor est\u00e8tic. En aquest article exhaustiu explorarem la seva hist\u00f2ria, com identificar-les, t\u00e8cniques de conservaci\u00f3, exemples pr\u00e0ctics de restauraci\u00f3, criteris de valoraci\u00f3 i consells clars per integrar-les en espais contemporanis sense perdre la seva \u00e0nima.<\/p>\n<section data-topic=\"historia\" aria-labelledby=\"historia-fase\">\n<h2 id=\"historia-fase\">Hist\u00f2ria i context de les ll\u00e0nties Fase<\/h2>\n<p>Fase, com a marca i taller, va deixar una empremta indeleble en la il\u00b7luminaci\u00f3 dom\u00e8stica i professional del segle XX a Espanya i Europa. Les seves peces es reconeixen per una aposta per la funcionalitat i el llenguatge modern, amb materials i acabats pensats per durar. Comprendre la seva evoluci\u00f3 hist\u00f2rica \u00e9s clau per identificar exemplars aut\u00e8ntics i valorar tant la seva rellev\u00e0ncia est\u00e8tica com el seu preu en el mercat d&#8217;antiguitats.<\/p>\n<h3>Origen del disseny<\/h3>\n<p>Les <strong>ll\u00e0nties Fase antigues<\/strong> neixen en un moment on el disseny industrial busca simplicitat i durabilitat. Les seves solucions lum\u00edniques responen a necessitats reals: optimitzaci\u00f3 de la llum, manteniment senzill i formes que acompanyen la vida quotidiana. Aix\u00f2 facilita que avui dia les seves peces siguin demandades per col\u00b7leccionistes, interioristes i amants de l&#8217;estil vintage.<\/p>\n<h3>Materials i t\u00e8cniques productives<\/h3>\n<p>L&#8217;\u00fas de metall tractat, vidre bufat, components cer\u00e0mics i acabats lacats s\u00f3n habituals. Recon\u00e8ixer la t\u00e8cnica de fabricaci\u00f3 \u2014soldadura, cargols, acabat de pintura\u2014 ens ajuda a distingir un original d&#8217;una reproducci\u00f3.<\/p>\n<\/section>\n<section data-topic=\"identificacion\" aria-labelledby=\"identificacion\">\n<h2 id=\"identificacion\">Com identificar una ll\u00e0ntia Fase antiga aut\u00e8ntica<\/h2>\n<p>Identificar una pe\u00e7a \u00e9s una habilitat que s&#8217;apr\u00e8n amb pr\u00e0ctica i observaci\u00f3 dirigida. Aqu\u00ed tens una guia pr\u00e0ctica i aplicable per fer-ho tu mateix.<\/p>\n<ul>\n<li><strong>Inspecci\u00f3 de marca i etiquetes<\/strong>: moltes peces conserven etiquetes, adhesius o estampacions amb la marca. Observa zones discretes: l&#8217;interior del casquet, la base o la part posterior. L&#8217;abs\u00e8ncia de marca no invalida la pe\u00e7a, per\u00f2 obliga a m\u00e9s prud\u00e8ncia.<\/li>\n<li><strong>Qualitat dels acabats<\/strong>: les peces originals mostren acabats consistents, pintura amb p\u00e1tina natural i certa desgast en punts de contacte. Reproduccions recents tendeixen a lluir massa perfectes o amb acabats artificials.<\/li>\n<li><strong>Components el\u00e8ctrics<\/strong>: els candidats a antiguitats solen mantenir cablejat antic o muntatges amb casquets cer\u00e0mics. Si l&#8217;interior el\u00e8ctric ha estat actualitzat, verifica que la intervenci\u00f3 sigui homologada i reversible.<\/li>\n<li><strong>Pes i solidesa<\/strong>: peces originals de Fase poden ser m\u00e9s pesades pel metall usat i la qualitat de construcci\u00f3. Una lleugeresa sospitosa pot indicar falsificaci\u00f3 o reproducci\u00f3 moderna.<\/li>\n<\/ul>\n<p>Cadascun d&#8217;aquests punts s&#8217;ha d&#8217;analitzar de manera conjunta; la verificaci\u00f3 creuada minimitza el risc d&#8217;error.<\/p>\n<\/section>\n<section data-topic=\"restauracion\" aria-labelledby=\"restauracion\">\n<h2 id=\"restauracion\">Restauraci\u00f3 i conservaci\u00f3: principis b\u00e0sics<\/h2>\n<p>La restauraci\u00f3 de ll\u00e0nties antigues exigeix respecte per la pe\u00e7a i coneixement t\u00e8cnic. Aqu\u00ed tens procediments provats, pas a pas, amb consells pr\u00e0ctics.<\/p>\n<h3>Avaluaci\u00f3 inicial<\/h3>\n<ol>\n<li><strong>Documenta<\/strong>: fotografia la ll\u00e0ntia des de tots els angles abans de tocar-la. Anota mides, materials i danys visibles.<\/li>\n<li><strong>Valora la intervenci\u00f3<\/strong>: decideix si la intervenci\u00f3 ser\u00e0 cosm\u00e8tica (neteja, repintat) o t\u00e8cnica (rehabilitaci\u00f3 el\u00e8ctrica, peces estructurals).<\/li>\n<\/ol>\n<h3>Neteja segura<\/h3>\n<p>La neteja \u00e9s el primer pas que aporta impacte visual sense comprometre la integritat. Usa productes suaus: aigua t\u00e8bia amb sab\u00f3 neutre per a peces met\u00e0l\u00b7liques, alcohol isoprop\u00edlic en petites quantitats per a residus d&#8217;adhesiu. Evita abrasius que eliminin p\u00e1tines originals.<\/p>\n<h3>Reparaci\u00f3 el\u00e8ctrica<\/h3>\n<p>Recomano que qualsevol treball el\u00e8ctric sigui realitzat per un professional certificat. Tanmateix, per a col\u00b7leccionistes amb aptitud t\u00e8cnica: substitueix cablejat per cable amb a\u00efllament homologat, conserva casquets originals si estan en bon estat o documenta el canvi. Sempre afegeix una presa de terra si la pe\u00e7a ho permet.<\/p>\n<h3>Reacabats i pintura<\/h3>\n<p>Si decideixes repintar, fes proves a zones internes. Respecta tons originals sempre que sigui possible \u2014la p\u00e1tina explica la hist\u00f2ria de la pe\u00e7a\u2014. Per a restauracions reversibles, usa pintures compatibles i documenta cada pas.<\/p>\n<\/section>\n<section data-topic=\"valoracion\" aria-labelledby=\"valoracion\">\n<h2 id=\"valoracion\">Criteris per valorar ll\u00e0nties Fase antigues<\/h2>\n<p>Valorar correctament una ll\u00e0ntia Fase implica equilibrar aspectes objectius i subjectius. Aqu\u00ed els criteris que faig servir com a professional:<\/p>\n<ul>\n<li><strong>Estat de conservaci\u00f3<\/strong>: peces completes i funcionals tenen m\u00e9s demanda. Seguretat el\u00e8ctrica i abs\u00e8ncia de corrosi\u00f3 oberta augmenten el valor.<\/li>\n<li><strong>Raresa<\/strong>: models poc comuns o edicions limitades pugen el preu.<\/li>\n<li><strong>Qualitat est\u00e8tica<\/strong>: l\u00ednies pures, combinacions de materials distintius i acabats originals. Algunes p\u00e1tines desitjades poden incrementar el seu atractiu.<\/li>\n<li><strong>Proced\u00e8ncia i documentaci\u00f3<\/strong>: factures antigues, fotos d&#8217;\u00e8poca o hist\u00f2ria coneguda de la pe\u00e7a aporten valor i confian\u00e7a al comprador.<\/li>\n<li><strong>Mercat actual<\/strong>: la demanda de l&#8217;estil vintage\/retro influeix fortament. Observa vendes recents i subhastes per a comparables.<\/li>\n<\/ul>\n<p>Exemple pr\u00e0ctic: una ll\u00e0ntia Fase de suspensi\u00f3 en bon estat amb etiqueta original i cablejat actualitzat pot cotitzar-se significativament m\u00e9s que una id\u00e8ntica sense documentaci\u00f3 i amb intervenci\u00f3 el\u00e8ctrica empobrida.<\/p>\n<\/section>\n<section data-topic=\"ejemplos\" aria-labelledby=\"ejemplos\">\n<h2 id=\"ejemplos\">Exemples pr\u00e0ctics i estudis de cas<\/h2>\n<p>A continuaci\u00f3 descric tres exemples reals que il\u00b7lustren decisions comunes en compra, restauraci\u00f3 i venda.<\/p>\n<h3>Exemple 1: Aplique de paret recuperat<\/h3>\n<p>Estat inicial: oxidaci\u00f3 localitzada, cablejat fr\u00e0gil. Intervenci\u00f3: neteja mec\u00e0nica suau, tractament anticorrosi\u00f3 i substituci\u00f3 de cablejat per un altre amb a\u00efllament t\u00e8xtil homologat. Resultat: pe\u00e7a funcional, valor revaloritzat en un 30% despr\u00e9s de la documentaci\u00f3 de la intervenci\u00f3.<\/p>\n<h3>Exemple 2: Ll\u00e0ntia de sostre amb pantalla original<\/h3>\n<p>Estat inicial: pantalla amb trencaments, estructura met\u00e0l\u00b7lica intacta. Intervenci\u00f3: reparaci\u00f3 de la pantalla amb t\u00e8cniques t\u00e8xtils conservadores i conservaci\u00f3 de la p\u00e1tina met\u00e0l\u00b7lica. Resultat: est\u00e8tica fidel a l&#8217;original i major inter\u00e8s de col\u00b7leccionistes puristes.<\/p>\n<h3>Exemple 3: Reproducci\u00f3 confosa amb original<\/h3>\n<p>Diagn\u00f2stic: peces modernes envellides artificialment. Senyals: abs\u00e8ncia de marques, acabats massa homogenis i pes redu\u00eft. Lli\u00e7\u00f3: sempre contrastar m\u00faltiples indicadors i consultar comparables abans de formalitzar compra.<\/p>\n<\/section>\n<section data-topic=\"uso\" aria-labelledby=\"uso-interno\">\n<h2 id=\"uso-interno\">Com integrar ll\u00e0nties Fase antigues en decoraci\u00f3 contempor\u00e0nia<\/h2>\n<p>Aquestes ll\u00e0nties funcionen com a punts focals que aporten calidesa, textura i significat. A continuaci\u00f3, estrat\u00e8gies pr\u00e0ctiques:<\/p>\n<h3>Contrast amb materials moderns<\/h3>\n<p>Combina la pe\u00e7a amb mobles de l\u00ednies netes i colors neutres. La ll\u00e0ntia actuar\u00e0 com a <strong>\u00e0ncora visual<\/strong> que equilibra modernitat i passat.<\/p>\n<h3>Composici\u00f3 per capes<\/h3>\n<p>Il\u00b7lumina en capes: llum ambiental, llum de tasca i llum d\u2019accent. Una ll\u00e0ntia Fase ben situada pot complir la funci\u00f3 d\u2019accent o tasca depenent del disseny.<\/p>\n<h3>Escala i proporci\u00f3<\/h3>\n<p>Assegura que la ll\u00e0ntia tingui proporci\u00f3 amb el mobiliari. Una ll\u00e0ntia de sostre petita perduda sobre una taula gran no tindr\u00e0 impacte visual.<\/p>\n<\/section>\n<section data-topic=\"mercado\" aria-labelledby=\"mercado\">\n<h2 id=\"mercado\">On comprar i vendre: consells pr\u00e0ctics<\/h2>\n<p>El mercat d&#8217;antiguitats ofereix m\u00faltiples canals. Aqu\u00ed un resum d&#8217;opcions i recomanacions:<\/p>\n<ul>\n<li><strong>Antiquaris i botigues especialitzades<\/strong>: ofereixen garanties i assessorament; ideals si cerques peces amb rastre documental.<\/li>\n<li><strong>Fires i mercats<\/strong>: oportunitat per trobar peces rares; requereix habilitat de negociaci\u00f3 i coneixement per no pagar sobrepreu.<\/li>\n<li><strong>Venda online i subhastes<\/strong>: ampli abast; requereix fotos de qualitat, descripcions precises i documentaci\u00f3 de la pe\u00e7a.<\/li>\n<li><strong>Xarxes de col\u00b7leccionistes<\/strong>: grups especialitzats poden oferir oportunitats exclusives, intercanvis o vendes privades.<\/li>\n<\/ul>\n<p>Abans de comprar o vendre, compara m\u00faltiples refer\u00e8ncies i demana opinions t\u00e8cniques quan el preu ho justifiqui.<\/p>\n<\/section>\n<section data-topic=\"errores\" aria-labelledby=\"errores-comunes\">\n<h2 id=\"errores-comunes\">Errors comuns i com evitar-los<\/h2>\n<p>Els errors m\u00e9s habituals que veig s\u00f3n:<\/p>\n<ul>\n<li><strong>Comprar sense verificar<\/strong>: sempre sol\u00b7licita fotos detallades i, si \u00e9s possible, veure la pe\u00e7a en persona.<\/li>\n<li><strong>Ignorar la seguretat el\u00e8ctrica<\/strong>: una ll\u00e0ntia bonica no \u00e9s utilitzable si no \u00e9s segura. Inverteix en una revisi\u00f3 professional.<\/li>\n<li><strong>Sobrerestaurar<\/strong>: recuperar funcionalitat est\u00e0 b\u00e9; eliminar p\u00e1tines valuoses \u00e9s una p\u00e8rdua est\u00e8tica i econ\u00f2mica.<\/li>\n<\/ul>\n<\/section>\n<section data-topic=\"checklist\" aria-labelledby=\"checklist-compra\">\n<h2 id=\"checklist-compra\">Checklist r\u00e0pida abans de comprar<\/h2>\n<p>Utilitza aquesta llista com a guia de verificaci\u00f3 r\u00e0pida:<\/p>\n<ul>\n<li>Marca\/etiqueta identificable<\/li>\n<li>Foto detallada de la zona el\u00e8ctrica<\/li>\n<li>Descripci\u00f3 de l&#8217;estat i la hist\u00f2ria<\/li>\n<li>Comparables de preu recents<\/li>\n<li>Pol\u00edtica de devoluci\u00f3 o garantia si compres en l\u00ednia<\/li>\n<\/ul>\n<\/section>\n<section data-topic=\"recursos\" aria-labelledby=\"recursos-adicionales\">\n<h2 id=\"recursos-adicionales\">Recursos pr\u00e0ctics i seg\u00fcent pas<\/h2>\n<p>Si vols aprofundir en el valor d&#8217;objectes de col\u00b7lecci\u00f3 diferents per\u00f2 complementaris \u2014com monedes antigues o altres peces\u2014 et pot interessar aquest recurs per aprendre a estimar preus i verificar autenticitat:<\/p>\n<p><a href=\"https:\/\/antiguedadespasquin.com\/ca\/\" title=\"Guia pr\u00e0ctica sobre valoraci\u00f3\" rel=\"nofollow\">com saber el valor de les monedes antigues<\/a><\/p>\n<p>Aquest tipus de metodologies s\u00f3n transferibles: documentaci\u00f3, comprovaci\u00f3 de materials i comparaci\u00f3 en mercat s\u00f3n passos compartits per valorar qualsevol objecte de col\u00b7lecci\u00f3.<\/p>\n<\/section>\n<section data-topic=\"consejos-finales\" aria-labelledby=\"conclusion\">\n<h2 id=\"conclusion\">Reflexi\u00f3 final i consells professionals<\/h2>\n<p>Les <strong>ll\u00e0nties Fase antigues<\/strong> s\u00f3n m\u00e9s que un objecte funcional; s\u00f3n fragments d&#8217;hist\u00f2ria industrial que, ben conservats, enriqueixen espais moderns. Per a qui compra: prioritza l&#8217;autenticitat i la seguretat. Per a qui ven: documenta i comunica el valor hist\u00f2ric. Per a qui restaura: respecta la p\u00e1tina i documenta les intervencions.<\/p>\n<p><em>Consell pr\u00e0ctic final:<\/em> abans de formalitzar una compra important, busca una segona opini\u00f3 t\u00e8cnica o consulta comparables recents per evitar errors costosos.<\/p>\n<p>Si t&#8217;ha agradat aquesta guia i vols que t&#8217;acompanyi en la valoraci\u00f3 o restauraci\u00f3 d&#8217;una pe\u00e7a concreta, escriu-me o visita les galeries d&#8217;especialistes per veure peces comparables; l&#8217;experi\u00e8ncia i la documentaci\u00f3 marquen la difer\u00e8ncia en el col\u00b7leccionisme.<\/p>\n<\/section>\n<footer>\n<p><small>Article redactat des de l&#8217;experi\u00e8ncia en compra-venda i restauraci\u00f3 d&#8217;antiguitats, amb enfocament pr\u00e0ctic per a col\u00b7leccionistes i professionals. Sense enlla\u00e7os externs a fonts de refer\u00e8ncia en el text.<\/small><\/p>\n<\/footer>\n","protected":false},"excerpt":{"rendered":"<p>Guia pr\u00e0ctica sobre Ll\u00e0nties Fase Antigues: identifica, valora i restaura peces \u00faniques. Consells r\u00e0pids per a col\u00b7leccionistes i decoraci\u00f3 amb estil vintage.<\/p>\n","protected":false},"author":3,"featured_media":8673,"comment_status":"open","ping_status":"closed","sticky":false,"template":"","format":"standard","meta":{"_yoast_wpseo_focuskw":"","_yoast_wpseo_title":"Ll\u00e0nties Fase Antigues: disseny, llum i art en cada rac\u00f3","_yoast_wpseo_metadesc":"Guia pr\u00e0ctica sobre Ll\u00e0nties Fase Antigues: identifica, valora i restaura peces \u00faniques. Consells r\u00e0pids per a col\u00b7leccionistes i decoraci\u00f3 amb estil vintage.","footnotes":""},"categories":[],"tags":[],"class_list":["post-8676","post","type-post","status-publish","format-standard","has-post-thumbnail","hentry"],"yoast_head":"<!-- This site is optimized with the Yoast SEO plugin v24.6 - https:\/\/yoast.com\/wordpress\/plugins\/seo\/ -->\n<title>Ll\u00e0nties Fase Antigues: disseny, llum i art en cada rac\u00f3<\/title>\n<meta name=\"description\" content=\"Guia pr\u00e0ctica sobre Ll\u00e0nties Fase Antigues: identifica, valora i restaura peces \u00faniques. Consells r\u00e0pids per a col\u00b7leccionistes i decoraci\u00f3 amb estil vintage.\" \/>\n<meta name=\"robots\" content=\"index, follow, max-snippet:-1, max-image-preview:large, max-video-preview:-1\" \/>\n<link rel=\"canonical\" href=\"https:\/\/antiguedadespasquin.com\/ca\/llanties-fase-antigues-disseny-llum-i-art-en-cada-raco\/\" \/>\n<meta property=\"og:locale\" content=\"ca_ES\" \/>\n<meta property=\"og:type\" content=\"article\" \/>\n<meta property=\"og:title\" content=\"Ll\u00e0nties Fase Antigues: disseny, llum i art en cada rac\u00f3\" \/>\n<meta property=\"og:description\" content=\"Guia pr\u00e0ctica sobre Ll\u00e0nties Fase Antigues: identifica, valora i restaura peces \u00faniques. Consells r\u00e0pids per a col\u00b7leccionistes i decoraci\u00f3 amb estil vintage.\" \/>\n<meta property=\"og:url\" content=\"https:\/\/antiguedadespasquin.com\/ca\/llanties-fase-antigues-disseny-llum-i-art-en-cada-raco\/\" \/>\n<meta property=\"og:site_name\" content=\"el Desv\u00e1n de Pedro Pasqu\u00edn\" \/>\n<meta property=\"article:published_time\" content=\"2026-02-05T15:41:00+00:00\" \/>\n<meta property=\"og:image\" content=\"https:\/\/antiguedadespasquin.com\/wp-content\/uploads\/2026\/04\/lamparas-fase-antiguas-diseno-luz-y-arte-en-cada-rincon.jpg\" \/>\n\t<meta property=\"og:image:width\" content=\"712\" \/>\n\t<meta property=\"og:image:height\" content=\"512\" \/>\n\t<meta property=\"og:image:type\" content=\"image\/jpeg\" \/>\n<meta name=\"author\" content=\"Alberto\" \/>\n<meta name=\"twitter:card\" content=\"summary_large_image\" \/>\n<meta name=\"twitter:label1\" content=\"Escrit per\" \/>\n\t<meta name=\"twitter:data1\" content=\"Alberto\" \/>\n\t<meta name=\"twitter:label2\" content=\"Temps estimat de lectura\" \/>\n\t<meta name=\"twitter:data2\" content=\"8 minuts\" \/>\n<script type=\"application\/ld+json\" class=\"yoast-schema-graph\">{\"@context\":\"https:\/\/schema.org\",\"@graph\":[{\"@type\":\"WebPage\",\"@id\":\"https:\/\/antiguedadespasquin.com\/ca\/llanties-fase-antigues-disseny-llum-i-art-en-cada-raco\/\",\"url\":\"https:\/\/antiguedadespasquin.com\/ca\/llanties-fase-antigues-disseny-llum-i-art-en-cada-raco\/\",\"name\":\"Ll\u00e0nties Fase Antigues: disseny, llum i art en cada rac\u00f3\",\"isPartOf\":{\"@id\":\"https:\/\/antiguedadespasquin.com\/ca\/#website\"},\"primaryImageOfPage\":{\"@id\":\"https:\/\/antiguedadespasquin.com\/ca\/llanties-fase-antigues-disseny-llum-i-art-en-cada-raco\/#primaryimage\"},\"image\":{\"@id\":\"https:\/\/antiguedadespasquin.com\/ca\/llanties-fase-antigues-disseny-llum-i-art-en-cada-raco\/#primaryimage\"},\"thumbnailUrl\":\"https:\/\/antiguedadespasquin.com\/wp-content\/uploads\/2026\/04\/lamparas-fase-antiguas-diseno-luz-y-arte-en-cada-rincon.jpg\",\"datePublished\":\"2026-02-05T15:41:00+00:00\",\"author\":{\"@id\":\"https:\/\/antiguedadespasquin.com\/ca\/#\/schema\/person\/ff496689dddfa85553cb01918beeb183\"},\"description\":\"Guia pr\u00e0ctica sobre Ll\u00e0nties Fase Antigues: identifica, valora i restaura peces \u00faniques. Consells r\u00e0pids per a col\u00b7leccionistes i decoraci\u00f3 amb estil vintage.\",\"breadcrumb\":{\"@id\":\"https:\/\/antiguedadespasquin.com\/ca\/llanties-fase-antigues-disseny-llum-i-art-en-cada-raco\/#breadcrumb\"},\"inLanguage\":\"ca\",\"potentialAction\":[{\"@type\":\"ReadAction\",\"target\":[\"https:\/\/antiguedadespasquin.com\/ca\/llanties-fase-antigues-disseny-llum-i-art-en-cada-raco\/\"]}]},{\"@type\":\"ImageObject\",\"inLanguage\":\"ca\",\"@id\":\"https:\/\/antiguedadespasquin.com\/ca\/llanties-fase-antigues-disseny-llum-i-art-en-cada-raco\/#primaryimage\",\"url\":\"https:\/\/antiguedadespasquin.com\/wp-content\/uploads\/2026\/04\/lamparas-fase-antiguas-diseno-luz-y-arte-en-cada-rincon.jpg\",\"contentUrl\":\"https:\/\/antiguedadespasquin.com\/wp-content\/uploads\/2026\/04\/lamparas-fase-antiguas-diseno-luz-y-arte-en-cada-rincon.jpg\",\"width\":712,\"height\":512},{\"@type\":\"BreadcrumbList\",\"@id\":\"https:\/\/antiguedadespasquin.com\/ca\/llanties-fase-antigues-disseny-llum-i-art-en-cada-raco\/#breadcrumb\",\"itemListElement\":[{\"@type\":\"ListItem\",\"position\":1,\"name\":\"Portada\",\"item\":\"https:\/\/antiguedadespasquin.com\/ca\/\"},{\"@type\":\"ListItem\",\"position\":2,\"name\":\"Ll\u00e0nties Fase Antigues: disseny, llum i art en cada rac\u00f3\"}]},{\"@type\":\"WebSite\",\"@id\":\"https:\/\/antiguedadespasquin.com\/ca\/#website\",\"url\":\"https:\/\/antiguedadespasquin.com\/ca\/\",\"name\":\"el Desv\u00e1n de Pedro Pasqu\u00edn\",\"description\":\"\",\"potentialAction\":[{\"@type\":\"SearchAction\",\"target\":{\"@type\":\"EntryPoint\",\"urlTemplate\":\"https:\/\/antiguedadespasquin.com\/ca\/?s={search_term_string}\"},\"query-input\":{\"@type\":\"PropertyValueSpecification\",\"valueRequired\":true,\"valueName\":\"search_term_string\"}}],\"inLanguage\":\"ca\"},{\"@type\":\"Person\",\"@id\":\"https:\/\/antiguedadespasquin.com\/ca\/#\/schema\/person\/ff496689dddfa85553cb01918beeb183\",\"name\":\"Alberto\",\"url\":\"https:\/\/antiguedadespasquin.com\/ca\/author\/alberto\/\"}]}<\/script>\n<!-- \/ Yoast SEO plugin. -->","yoast_head_json":{"title":"Ll\u00e0nties Fase Antigues: disseny, llum i art en cada rac\u00f3","description":"Guia pr\u00e0ctica sobre Ll\u00e0nties Fase Antigues: identifica, valora i restaura peces \u00faniques. Consells r\u00e0pids per a col\u00b7leccionistes i decoraci\u00f3 amb estil vintage.","robots":{"index":"index","follow":"follow","max-snippet":"max-snippet:-1","max-image-preview":"max-image-preview:large","max-video-preview":"max-video-preview:-1"},"canonical":"https:\/\/antiguedadespasquin.com\/ca\/llanties-fase-antigues-disseny-llum-i-art-en-cada-raco\/","og_locale":"ca_ES","og_type":"article","og_title":"Ll\u00e0nties Fase Antigues: disseny, llum i art en cada rac\u00f3","og_description":"Guia pr\u00e0ctica sobre Ll\u00e0nties Fase Antigues: identifica, valora i restaura peces \u00faniques. Consells r\u00e0pids per a col\u00b7leccionistes i decoraci\u00f3 amb estil vintage.","og_url":"https:\/\/antiguedadespasquin.com\/ca\/llanties-fase-antigues-disseny-llum-i-art-en-cada-raco\/","og_site_name":"el Desv\u00e1n de Pedro Pasqu\u00edn","article_published_time":"2026-02-05T15:41:00+00:00","og_image":[{"width":712,"height":512,"url":"https:\/\/antiguedadespasquin.com\/wp-content\/uploads\/2026\/04\/lamparas-fase-antiguas-diseno-luz-y-arte-en-cada-rincon.jpg","type":"image\/jpeg"}],"author":"Alberto","twitter_card":"summary_large_image","twitter_misc":{"Escrit per":"Alberto","Temps estimat de lectura":"8 minuts"},"schema":{"@context":"https:\/\/schema.org","@graph":[{"@type":"WebPage","@id":"https:\/\/antiguedadespasquin.com\/ca\/llanties-fase-antigues-disseny-llum-i-art-en-cada-raco\/","url":"https:\/\/antiguedadespasquin.com\/ca\/llanties-fase-antigues-disseny-llum-i-art-en-cada-raco\/","name":"Ll\u00e0nties Fase Antigues: disseny, llum i art en cada rac\u00f3","isPartOf":{"@id":"https:\/\/antiguedadespasquin.com\/ca\/#website"},"primaryImageOfPage":{"@id":"https:\/\/antiguedadespasquin.com\/ca\/llanties-fase-antigues-disseny-llum-i-art-en-cada-raco\/#primaryimage"},"image":{"@id":"https:\/\/antiguedadespasquin.com\/ca\/llanties-fase-antigues-disseny-llum-i-art-en-cada-raco\/#primaryimage"},"thumbnailUrl":"https:\/\/antiguedadespasquin.com\/wp-content\/uploads\/2026\/04\/lamparas-fase-antiguas-diseno-luz-y-arte-en-cada-rincon.jpg","datePublished":"2026-02-05T15:41:00+00:00","author":{"@id":"https:\/\/antiguedadespasquin.com\/ca\/#\/schema\/person\/ff496689dddfa85553cb01918beeb183"},"description":"Guia pr\u00e0ctica sobre Ll\u00e0nties Fase Antigues: identifica, valora i restaura peces \u00faniques. Consells r\u00e0pids per a col\u00b7leccionistes i decoraci\u00f3 amb estil vintage.","breadcrumb":{"@id":"https:\/\/antiguedadespasquin.com\/ca\/llanties-fase-antigues-disseny-llum-i-art-en-cada-raco\/#breadcrumb"},"inLanguage":"ca","potentialAction":[{"@type":"ReadAction","target":["https:\/\/antiguedadespasquin.com\/ca\/llanties-fase-antigues-disseny-llum-i-art-en-cada-raco\/"]}]},{"@type":"ImageObject","inLanguage":"ca","@id":"https:\/\/antiguedadespasquin.com\/ca\/llanties-fase-antigues-disseny-llum-i-art-en-cada-raco\/#primaryimage","url":"https:\/\/antiguedadespasquin.com\/wp-content\/uploads\/2026\/04\/lamparas-fase-antiguas-diseno-luz-y-arte-en-cada-rincon.jpg","contentUrl":"https:\/\/antiguedadespasquin.com\/wp-content\/uploads\/2026\/04\/lamparas-fase-antiguas-diseno-luz-y-arte-en-cada-rincon.jpg","width":712,"height":512},{"@type":"BreadcrumbList","@id":"https:\/\/antiguedadespasquin.com\/ca\/llanties-fase-antigues-disseny-llum-i-art-en-cada-raco\/#breadcrumb","itemListElement":[{"@type":"ListItem","position":1,"name":"Portada","item":"https:\/\/antiguedadespasquin.com\/ca\/"},{"@type":"ListItem","position":2,"name":"Ll\u00e0nties Fase Antigues: disseny, llum i art en cada rac\u00f3"}]},{"@type":"WebSite","@id":"https:\/\/antiguedadespasquin.com\/ca\/#website","url":"https:\/\/antiguedadespasquin.com\/ca\/","name":"el Desv\u00e1n de Pedro Pasqu\u00edn","description":"","potentialAction":[{"@type":"SearchAction","target":{"@type":"EntryPoint","urlTemplate":"https:\/\/antiguedadespasquin.com\/ca\/?s={search_term_string}"},"query-input":{"@type":"PropertyValueSpecification","valueRequired":true,"valueName":"search_term_string"}}],"inLanguage":"ca"},{"@type":"Person","@id":"https:\/\/antiguedadespasquin.com\/ca\/#\/schema\/person\/ff496689dddfa85553cb01918beeb183","name":"Alberto","url":"https:\/\/antiguedadespasquin.com\/ca\/author\/alberto\/"}]}},"_links":{"self":[{"href":"https:\/\/antiguedadespasquin.com\/ca\/wp-json\/wp\/v2\/posts\/8676","targetHints":{"allow":["GET"]}}],"collection":[{"href":"https:\/\/antiguedadespasquin.com\/ca\/wp-json\/wp\/v2\/posts"}],"about":[{"href":"https:\/\/antiguedadespasquin.com\/ca\/wp-json\/wp\/v2\/types\/post"}],"author":[{"embeddable":true,"href":"https:\/\/antiguedadespasquin.com\/ca\/wp-json\/wp\/v2\/users\/3"}],"replies":[{"embeddable":true,"href":"https:\/\/antiguedadespasquin.com\/ca\/wp-json\/wp\/v2\/comments?post=8676"}],"version-history":[{"count":0,"href":"https:\/\/antiguedadespasquin.com\/ca\/wp-json\/wp\/v2\/posts\/8676\/revisions"}],"wp:featuredmedia":[{"embeddable":true,"href":"https:\/\/antiguedadespasquin.com\/ca\/wp-json\/wp\/v2\/media\/8673"}],"wp:attachment":[{"href":"https:\/\/antiguedadespasquin.com\/ca\/wp-json\/wp\/v2\/media?parent=8676"}],"wp:term":[{"taxonomy":"category","embeddable":true,"href":"https:\/\/antiguedadespasquin.com\/ca\/wp-json\/wp\/v2\/categories?post=8676"},{"taxonomy":"post_tag","embeddable":true,"href":"https:\/\/antiguedadespasquin.com\/ca\/wp-json\/wp\/v2\/tags?post=8676"}],"curies":[{"name":"wp","href":"https:\/\/api.w.org\/{rel}","templated":true}]}}