{"id":8626,"date":"2026-01-19T22:42:00","date_gmt":"2026-01-19T20:42:00","guid":{"rendered":"https:\/\/antiguedadespasquin.com\/historia-de-la-creuada-espanyola-lluita-fe-i-relats-que-van-modelar-una-civilitzacio\/"},"modified":"2026-01-19T22:42:00","modified_gmt":"2026-01-19T20:42:00","slug":"historia-de-la-creuada-espanyola-lluita-fe-i-relats-que-van-modelar-una-civilitzacio","status":"publish","type":"post","link":"https:\/\/antiguedadespasquin.com\/ca\/historia-de-la-creuada-espanyola-lluita-fe-i-relats-que-van-modelar-una-civilitzacio\/","title":{"rendered":"Hist\u00f2ria de la Creuada Espanyola, lluita, fe i relats que van modelar una civilitzaci\u00f3"},"content":{"rendered":"<article>\n<section>\n<p><strong><em>Hist\u00f2ria de la Creuada Espanyola, lluita, fe i relats que van modelar una civilitzaci\u00f3<\/em><\/strong><\/p>\n<p>Despr\u00e9s d&#8217;una vida dedicada a buscar peces que conserven mem\u00f2ries \u2014com a periodista i comerciant d\u2019antiguitats que ha viatjat per tot el m\u00f3n\u2014 he apr\u00e9s a mirar m\u00e9s enll\u00e0 de la superf\u00edcie. En aquest recorregut explorarem la <strong>hist\u00f2ria de la creuada espanyola<\/strong> des de m\u00faltiples angles: fets, relats, objectes i la seva empremta en la cultura material. Aquesta pe\u00e7a est\u00e0 pensada per a col\u00b7leccionistes, aficionats i qualsevol persona que vulgui entendre com la lluita, la fe i les narracions van modelar no nom\u00e9s la hist\u00f2ria, sin\u00f3 tamb\u00e9 la forma en qu\u00e8 es conserva i es comercialitza el passat.<\/p>\n<h2>Contextualitzant la creuada: qu\u00e8 entenem per \u201ccreuada\u201d en el context espanyol?<\/h2>\n<p>Quan parlem de la <strong>hist\u00f2ria de la creuada espanyola<\/strong> no ens limitem a una simple contesa militar. Parlem d\u2019una conflu\u00e8ncia de motivacions religioses, pol\u00edtiques i socials que van donar pas a episodis intensos de transformaci\u00f3 cultural. \u00c9s imprescindible situar els fets en el seu temps: *Llegendes, cr\u00f2niques, rel\u00edquies i testimonis* van dissenyar una narrativa que va perdurar en objectes i en la mem\u00f2ria col\u00b7lectiva.<\/p>\n<h3>Or\u00edgens i motius<\/h3>\n<p>La creuada, en el seu sentit m\u00e9s ampli, t\u00e9 arrels en la religi\u00f3 organitzada i en les necessitats de legitimaci\u00f3 del poder. A Espanya, aquestes campanyes s&#8217;entrella\u00e7aren amb lluites internes, reconquetes territorials i la consolidaci\u00f3 de regnes. Els motius principals es poden sintetitzar en:<\/p>\n<ul>\n<li><strong>Fe i fervor religi\u00f3s:<\/strong> la legitimaci\u00f3 d\u2019accions militars en nom de la religi\u00f3.<\/li>\n<li><strong>Pol\u00edtica i poder:<\/strong> expansi\u00f3 territorial i consolidaci\u00f3 din\u00e0stica.<\/li>\n<li><strong>Identitat cultural:<\/strong> creaci\u00f3 i afirmaci\u00f3 de relats nacionals i locals.<\/li>\n<\/ul>\n<p>Cadascun d\u2019aquests motius va deixar empremta en objectes concrets: estendards, reliquiaris, manuscrits i peces lit\u00fargiques que avui, per al col\u00b7leccionista, s\u00f3n testimonis f\u00edsics de processos complexos.<\/p>\n<h2>Relats que perduren: cr\u00f2niques, testimonis i mites<\/h2>\n<p>Les cr\u00f2niques eclesi\u00e0stiques i les narracions populars van funcionar com a vehicle de la mem\u00f2ria. A trav\u00e9s de la paraula escrita i oral, es van transmetre relats d\u2019heroisme, santedat i trag\u00e8dia. Aquests textos, a m\u00e9s de modelar la percepci\u00f3 p\u00fablica, van guiar la creaci\u00f3 i preservaci\u00f3 d\u2019antiguitats vinculades a la creuada.<\/p>\n<h3>Exemples pr\u00e0ctics de transmissi\u00f3 de relats<\/h3>\n<ul>\n<li><strong>Manuscrits il\u00b7luminats:<\/strong> explicaven episodis i es van convertir en b\u00e9ns de col\u00b7lecci\u00f3; aprendre a recon\u00e8ixer la seva patina, tipus de pergam\u00ed i cal\u00b7ligrafia \u00e9s essencial.<\/li>\n<li><strong>Rel\u00edquies i reliquiaris:<\/strong> la pres\u00e8ncia de fragments sagrats dins d&#8217;encasaments art\u00edstics; la seva autenticitat requereix una an\u00e0lisi hist\u00f2rica i material.<\/li>\n<li><strong>Iconografia en objectes quotidians:<\/strong> creus brodades, botons, ins\u00edgnies o monedes amb s\u00edmbols religiosos que reforcen una narrativa.<\/li>\n<\/ul>\n<p>Per als interessats en adquirir peces, distingir la *hist\u00f2ria documentada* de la *llegenda mercantil* \u00e9s una habilitat que s\u2019apr\u00e8n a la pr\u00e0ctica i amb la consultoria d\u2019experts.<\/p>\n<h2>La creuada en la cultura material: peces, t\u00e8cniques i conservaci\u00f3<\/h2>\n<p>Com a col\u00b7leccionista i restaurador ocasional, insisteixo que els objectes parlen si sabem escoltar. Un reliquiari ben treballat, una ins\u00edgnia o un fragment t\u00e8xtil ofereixen claus cient\u00edfiques i emocionals sobre el seu origen.<\/p>\n<h3>Tipus rellevants d\u2019antiguitats vinculades<\/h3>\n<ol>\n<li><strong>Arts sagrades:<\/strong> c\u00e0liz, cop\u00f3, cust\u00f2dies; materials: plata, or, esmalts. Identificar tallers i marques \u00e9s fonamental.<\/li>\n<li><strong>T\u00e8xtils:<\/strong> estendards, casulles; fibres, tintes i costures ofereixen dataci\u00f3 aproximada.<\/li>\n<li><strong>Documents i pergamins:<\/strong> segells, firmes i filigranes del paper orienten sobre autenticitat.<\/li>\n<li><strong>Armes i elements militars cerimonials:<\/strong> espases amb relleus, escuts amb iconografia religiosa.<\/li>\n<\/ol>\n<p>Cada categoria exigeix un abordatge t\u00e8cnic: an\u00e0lisi metal\u00b7l\u00fargic, estudi de pigments, examen forense del paper o la fibra. A m\u00e9s, els procediments de conservaci\u00f3 (desinsectaci\u00f3 preventiva, condicions d\u2019humitat i llum controlada) s\u00f3n b\u00e0sics per mantenir el valor hist\u00f2ric i econ\u00f2mic de la pe\u00e7a.<\/p>\n<h3>Consells pr\u00e0ctics per a la conservaci\u00f3 (llista amb explicaci\u00f3)<\/h3>\n<ul>\n<li><strong>Control de humitat (45\u201355%):<\/strong> evita la pudrici\u00f3 de fibres i l\u2019oxidaci\u00f3 del metall. Un descontrol pot arru\u00efnar la patina i la integritat.<\/li>\n<li><strong>Llum t\u00e8nue i filtrada:<\/strong> els raigs UV degraden tintes i papers. Utilitza filtres o cobreix peces quan no es mostren.<\/li>\n<li><strong>Manipulaci\u00f3 amb guants:<\/strong> el greix de la pell accelera la corrosi\u00f3. Les empremtes tamb\u00e9 alteren la superf\u00edcie.<\/li>\n<li><strong>Documentaci\u00f3 exhaustiva:<\/strong> fotos, inventari i atestats de proced\u00e8ncia s\u00f3n claus davant d\u2019una venda o restauraci\u00f3.<\/li>\n<\/ul>\n<h2>Com avaluar l\u2019autenticitat: guia pas a pas<\/h2>\n<p>Detectar una pe\u00e7a aut\u00e8ntica de la <strong>hist\u00f2ria de la creuada espanyola<\/strong> exigeix m\u00e8tode. Segueix un protocol pr\u00e0ctic per afinar el criteri:<\/p>\n<h3>Protocol d\u2019autenticaci\u00f3<\/h3>\n<ol>\n<li><strong>Inspecci\u00f3 visual inicial:<\/strong> busca patina coherent amb l\u2019edat, signes de reassemblatge o restauracions anacr\u00f2niques.<\/li>\n<li><strong>Verificaci\u00f3 documental:<\/strong> demana inventaris antics, cartes de proced\u00e8ncia o registres de subhasta.<\/li>\n<li><strong>An\u00e0lisi material:<\/strong> proves no invasives com fluoresc\u00e8ncia X, dendrocronologia o an\u00e0lisi de tintes quan sigui possible.<\/li>\n<li><strong>Consulta a especialistes:<\/strong> historiadors de l\u2019art, laboratoris i conservadors ofereixen una segona opini\u00f3 imprescindible.<\/li>\n<li><strong>Valoraci\u00f3 contextual:<\/strong> compara amb peces similars en museus o col\u00b7leccions privades, no nom\u00e9s amb fotos d\u2019internet.<\/li>\n<\/ol>\n<p>Exemple pr\u00e0ctic: una creu de plata amb esmalts. Observa els remaches, la coher\u00e8ncia en l\u2019esmalt, el tipus de soldadura i busca marques de taller. Un esmalts modern en un suport antic sol delatar una restauraci\u00f3 o falsificaci\u00f3.<\/p>\n<h2>\u00c8tica i mercat: compra, venda i responsabilitat<\/h2>\n<p>El comer\u00e7 d\u2019antiguitats vinculades a episodis hist\u00f2rics sensibles exigeix responsabilitat. \u00c9s essencial assegurar-se de la proced\u00e8ncia i evitar adquirir peces de dubtosa extracci\u00f3. A m\u00e9s de la dimensi\u00f3 legal, hi ha la responsabilitat moral envers comunitats i patrimonis culturals.<\/p>\n<h3>Bones pr\u00e0ctiques per a compradors i venedors<\/h3>\n<ul>\n<li><strong>Transpar\u00e8ncia en la proced\u00e8ncia:<\/strong> documentar i compartir la hist\u00f2ria coneguda de la pe\u00e7a.<\/li>\n<li><strong>Assessorament professional:<\/strong> treballar amb restauradors i historiadors per evitar reclamacions futures.<\/li>\n<li><strong>Respecte cultural:<\/strong> recon\u00e8ixer el valor simb\u00f2lic d\u2019objectes i evitar el seu \u00fas descontextualitzat.<\/li>\n<\/ul>\n<h2>Hist\u00f2ries i lli\u00e7ons: relats d\u2019objectes que van explicar la creuada<\/h2>\n<p>En els meus viatges he vist rel\u00edquies el valor transcendent de les quals supera de llarg el seu preu de mercat. Un reliquiari oxidat pot contenir testimonis de pelegrins; una bandera remendada evidencia una hist\u00f2ria de resist\u00e8ncia. Explicar aquests objectes exigeix respecte i precisi\u00f3: cada esquerda \u00e9s una pista.<\/p>\n<h3>Exemples pr\u00e0ctics per a l\u2019aprenentatge<\/h3>\n<ul>\n<li><strong>El reliquiari del poble:<\/strong> pe\u00e7a petita, plata repujada. Aprenentatge: la coher\u00e8ncia de la patina amb el fil de costura i les restes org\u00e0niques de l\u2019interior suggereixen \u00fas lit\u00fargic continuat.<\/li>\n<li><strong>La bandera remendada:<\/strong> an\u00e0lisi dels fils i de la t\u00e8cnica de costura permet identificar afegits posteriors i per\u00edodes de reparaci\u00f3.<\/li>\n<li><strong>Manuscrit regional:<\/strong> la il\u00b7luminaci\u00f3 i les abreviatures paleogr\u00e0fiques indiquen escola d\u2019escriptura; l\u2019aigua marcada en el paper pot datar-lo amb precisi\u00f3.<\/li>\n<\/ul>\n<h2>Com comen\u00e7ar una col\u00b7lecci\u00f3 centrada en la creuada<\/h2>\n<p>Si t\u2019interessa col\u00b7leccionar peces relacionades amb la <strong>hist\u00f2ria de la creuada espanyola<\/strong>, comen\u00e7a amb un enfocament clar i pressupost responsable. Aqu\u00ed tens un mapa de ruta:<\/p>\n<h3>Guia r\u00e0pida per a principiants<\/h3>\n<ol>\n<li><strong>Defineix un focus:<\/strong> per exemple, t\u00e8xtils lit\u00fargics, petits reliquiaris o documents provincials.<\/li>\n<li><strong>Educar-se:<\/strong> cursos, visites a arxius i converses amb restauradors.<\/li>\n<li><strong>Pressupost i xarxa de confian\u00e7a:<\/strong> estableix l\u00edmits, treballa amb comerciants reputats i conserva documentaci\u00f3.<\/li>\n<li><strong>Protecci\u00f3 i asseguran\u00e7a:<\/strong> assegura\u2019t contra robatori, incendi i deteriorament.<\/li>\n<\/ol>\n<h2>Conclusi\u00f3: el valor tangible i intangible de la mem\u00f2ria<\/h2>\n<p>La <strong>hist\u00f2ria de la creuada espanyola<\/strong> no \u00e9s nom\u00e9s un cat\u00e0leg d\u2019esdeveniments; \u00e9s un teixit de creences, conflictes i objectes que ens permeten accedir a experi\u00e8ncies humanes passades. Per a qui estima les antiguitats, cada pe\u00e7a \u00e9s una lli\u00e7\u00f3 d\u2019hist\u00f2ria i una responsabilitat. Comprendre les t\u00e8cniques de conservaci\u00f3, els m\u00e8todes d\u2019autenticaci\u00f3 i el pes \u00e8tic del comer\u00e7 et permet ser un custodi responsable del passat.<\/p>\n<p>Si vols veure exemples curats i peces relacionades amb la tradici\u00f3 art\u00edstica i la mem\u00f2ria hist\u00f2rica, visita <a href=\"https:\/\/antiguedadespasquin.com\/ca\/art-internacional\/\">art internacional a Barcelona<\/a>, on trobar\u00e0s peces seleccionades i guia per a col\u00b7leccionistes.<\/p>\n<footer>\n<p><em>Aquest text pret\u00e9n ser una guia pr\u00e0ctica i accessible per aprendre a recon\u00e8ixer, valorar i preservar objectes vinculats a la creuada. Cada objecte \u00e9s una porta a una hist\u00f2ria humana que mereix respecte.<\/em><\/p>\n<\/footer>\n<\/section>\n<\/article>\n","protected":false},"excerpt":{"rendered":"<p>Explora la Hist\u00f2ria de la Creuada Espanyola: relats, objectes i consells pr\u00e0ctics per identificar i conservar peces \u00faniques. Descobreix la seva empremta en la cultura.<\/p>\n","protected":false},"author":3,"featured_media":8623,"comment_status":"open","ping_status":"closed","sticky":false,"template":"","format":"standard","meta":{"_yoast_wpseo_focuskw":"","_yoast_wpseo_title":"Hist\u00f2ria de la Creuada Espanyola, lluita, fe i relats que van modelar una civilitzaci\u00f3","_yoast_wpseo_metadesc":"Explora la Hist\u00f2ria de la Creuada Espanyola: relats, objectes i consells pr\u00e0ctics per identificar i conservar peces \u00faniques. Descobreix la seva empremta en la cultura.","footnotes":""},"categories":[],"tags":[],"class_list":["post-8626","post","type-post","status-publish","format-standard","has-post-thumbnail","hentry"],"yoast_head":"<!-- This site is optimized with the Yoast SEO plugin v24.6 - https:\/\/yoast.com\/wordpress\/plugins\/seo\/ -->\n<title>Hist\u00f2ria de la Creuada Espanyola, lluita, fe i relats que van modelar una civilitzaci\u00f3<\/title>\n<meta name=\"description\" content=\"Explora la Hist\u00f2ria de la Creuada Espanyola: relats, objectes i consells pr\u00e0ctics per identificar i conservar peces \u00faniques. Descobreix la seva empremta en la cultura.\" \/>\n<meta name=\"robots\" content=\"index, follow, max-snippet:-1, max-image-preview:large, max-video-preview:-1\" \/>\n<link rel=\"canonical\" href=\"https:\/\/antiguedadespasquin.com\/ca\/historia-de-la-creuada-espanyola-lluita-fe-i-relats-que-van-modelar-una-civilitzacio\/\" \/>\n<meta property=\"og:locale\" content=\"ca_ES\" \/>\n<meta property=\"og:type\" content=\"article\" \/>\n<meta property=\"og:title\" content=\"Hist\u00f2ria de la Creuada Espanyola, lluita, fe i relats que van modelar una civilitzaci\u00f3\" \/>\n<meta property=\"og:description\" content=\"Explora la Hist\u00f2ria de la Creuada Espanyola: relats, objectes i consells pr\u00e0ctics per identificar i conservar peces \u00faniques. Descobreix la seva empremta en la cultura.\" \/>\n<meta property=\"og:url\" content=\"https:\/\/antiguedadespasquin.com\/ca\/historia-de-la-creuada-espanyola-lluita-fe-i-relats-que-van-modelar-una-civilitzacio\/\" \/>\n<meta property=\"og:site_name\" content=\"el Desv\u00e1n de Pedro Pasqu\u00edn\" \/>\n<meta property=\"article:published_time\" content=\"2026-01-19T20:42:00+00:00\" \/>\n<meta property=\"og:image\" content=\"https:\/\/antiguedadespasquin.com\/wp-content\/uploads\/2026\/02\/historia-de-la-cruzada-espanola-lucha-fe-y-relatos-que-moldearon-una-civilizacion.jpg\" \/>\n\t<meta property=\"og:image:width\" content=\"712\" \/>\n\t<meta property=\"og:image:height\" content=\"512\" \/>\n\t<meta property=\"og:image:type\" content=\"image\/jpeg\" \/>\n<meta name=\"author\" content=\"Alberto\" \/>\n<meta name=\"twitter:card\" content=\"summary_large_image\" \/>\n<meta name=\"twitter:label1\" content=\"Escrit per\" \/>\n\t<meta name=\"twitter:data1\" content=\"Alberto\" \/>\n\t<meta name=\"twitter:label2\" content=\"Temps estimat de lectura\" \/>\n\t<meta name=\"twitter:data2\" content=\"7 minuts\" \/>\n<script type=\"application\/ld+json\" class=\"yoast-schema-graph\">{\"@context\":\"https:\/\/schema.org\",\"@graph\":[{\"@type\":\"WebPage\",\"@id\":\"https:\/\/antiguedadespasquin.com\/ca\/historia-de-la-creuada-espanyola-lluita-fe-i-relats-que-van-modelar-una-civilitzacio\/\",\"url\":\"https:\/\/antiguedadespasquin.com\/ca\/historia-de-la-creuada-espanyola-lluita-fe-i-relats-que-van-modelar-una-civilitzacio\/\",\"name\":\"Hist\u00f2ria de la Creuada Espanyola, lluita, fe i relats que van modelar una civilitzaci\u00f3\",\"isPartOf\":{\"@id\":\"https:\/\/antiguedadespasquin.com\/ca\/#website\"},\"primaryImageOfPage\":{\"@id\":\"https:\/\/antiguedadespasquin.com\/ca\/historia-de-la-creuada-espanyola-lluita-fe-i-relats-que-van-modelar-una-civilitzacio\/#primaryimage\"},\"image\":{\"@id\":\"https:\/\/antiguedadespasquin.com\/ca\/historia-de-la-creuada-espanyola-lluita-fe-i-relats-que-van-modelar-una-civilitzacio\/#primaryimage\"},\"thumbnailUrl\":\"https:\/\/antiguedadespasquin.com\/wp-content\/uploads\/2026\/02\/historia-de-la-cruzada-espanola-lucha-fe-y-relatos-que-moldearon-una-civilizacion.jpg\",\"datePublished\":\"2026-01-19T20:42:00+00:00\",\"author\":{\"@id\":\"https:\/\/antiguedadespasquin.com\/ca\/#\/schema\/person\/ff496689dddfa85553cb01918beeb183\"},\"description\":\"Explora la Hist\u00f2ria de la Creuada Espanyola: relats, objectes i consells pr\u00e0ctics per identificar i conservar peces \u00faniques. Descobreix la seva empremta en la cultura.\",\"breadcrumb\":{\"@id\":\"https:\/\/antiguedadespasquin.com\/ca\/historia-de-la-creuada-espanyola-lluita-fe-i-relats-que-van-modelar-una-civilitzacio\/#breadcrumb\"},\"inLanguage\":\"ca\",\"potentialAction\":[{\"@type\":\"ReadAction\",\"target\":[\"https:\/\/antiguedadespasquin.com\/ca\/historia-de-la-creuada-espanyola-lluita-fe-i-relats-que-van-modelar-una-civilitzacio\/\"]}]},{\"@type\":\"ImageObject\",\"inLanguage\":\"ca\",\"@id\":\"https:\/\/antiguedadespasquin.com\/ca\/historia-de-la-creuada-espanyola-lluita-fe-i-relats-que-van-modelar-una-civilitzacio\/#primaryimage\",\"url\":\"https:\/\/antiguedadespasquin.com\/wp-content\/uploads\/2026\/02\/historia-de-la-cruzada-espanola-lucha-fe-y-relatos-que-moldearon-una-civilizacion.jpg\",\"contentUrl\":\"https:\/\/antiguedadespasquin.com\/wp-content\/uploads\/2026\/02\/historia-de-la-cruzada-espanola-lucha-fe-y-relatos-que-moldearon-una-civilizacion.jpg\",\"width\":712,\"height\":512},{\"@type\":\"BreadcrumbList\",\"@id\":\"https:\/\/antiguedadespasquin.com\/ca\/historia-de-la-creuada-espanyola-lluita-fe-i-relats-que-van-modelar-una-civilitzacio\/#breadcrumb\",\"itemListElement\":[{\"@type\":\"ListItem\",\"position\":1,\"name\":\"Portada\",\"item\":\"https:\/\/antiguedadespasquin.com\/ca\/\"},{\"@type\":\"ListItem\",\"position\":2,\"name\":\"Hist\u00f2ria de la Creuada Espanyola, lluita, fe i relats que van modelar una civilitzaci\u00f3\"}]},{\"@type\":\"WebSite\",\"@id\":\"https:\/\/antiguedadespasquin.com\/ca\/#website\",\"url\":\"https:\/\/antiguedadespasquin.com\/ca\/\",\"name\":\"el Desv\u00e1n de Pedro Pasqu\u00edn\",\"description\":\"\",\"potentialAction\":[{\"@type\":\"SearchAction\",\"target\":{\"@type\":\"EntryPoint\",\"urlTemplate\":\"https:\/\/antiguedadespasquin.com\/ca\/?s={search_term_string}\"},\"query-input\":{\"@type\":\"PropertyValueSpecification\",\"valueRequired\":true,\"valueName\":\"search_term_string\"}}],\"inLanguage\":\"ca\"},{\"@type\":\"Person\",\"@id\":\"https:\/\/antiguedadespasquin.com\/ca\/#\/schema\/person\/ff496689dddfa85553cb01918beeb183\",\"name\":\"Alberto\",\"url\":\"https:\/\/antiguedadespasquin.com\/ca\/author\/alberto\/\"}]}<\/script>\n<!-- \/ Yoast SEO plugin. -->","yoast_head_json":{"title":"Hist\u00f2ria de la Creuada Espanyola, lluita, fe i relats que van modelar una civilitzaci\u00f3","description":"Explora la Hist\u00f2ria de la Creuada Espanyola: relats, objectes i consells pr\u00e0ctics per identificar i conservar peces \u00faniques. Descobreix la seva empremta en la cultura.","robots":{"index":"index","follow":"follow","max-snippet":"max-snippet:-1","max-image-preview":"max-image-preview:large","max-video-preview":"max-video-preview:-1"},"canonical":"https:\/\/antiguedadespasquin.com\/ca\/historia-de-la-creuada-espanyola-lluita-fe-i-relats-que-van-modelar-una-civilitzacio\/","og_locale":"ca_ES","og_type":"article","og_title":"Hist\u00f2ria de la Creuada Espanyola, lluita, fe i relats que van modelar una civilitzaci\u00f3","og_description":"Explora la Hist\u00f2ria de la Creuada Espanyola: relats, objectes i consells pr\u00e0ctics per identificar i conservar peces \u00faniques. Descobreix la seva empremta en la cultura.","og_url":"https:\/\/antiguedadespasquin.com\/ca\/historia-de-la-creuada-espanyola-lluita-fe-i-relats-que-van-modelar-una-civilitzacio\/","og_site_name":"el Desv\u00e1n de Pedro Pasqu\u00edn","article_published_time":"2026-01-19T20:42:00+00:00","og_image":[{"width":712,"height":512,"url":"https:\/\/antiguedadespasquin.com\/wp-content\/uploads\/2026\/02\/historia-de-la-cruzada-espanola-lucha-fe-y-relatos-que-moldearon-una-civilizacion.jpg","type":"image\/jpeg"}],"author":"Alberto","twitter_card":"summary_large_image","twitter_misc":{"Escrit per":"Alberto","Temps estimat de lectura":"7 minuts"},"schema":{"@context":"https:\/\/schema.org","@graph":[{"@type":"WebPage","@id":"https:\/\/antiguedadespasquin.com\/ca\/historia-de-la-creuada-espanyola-lluita-fe-i-relats-que-van-modelar-una-civilitzacio\/","url":"https:\/\/antiguedadespasquin.com\/ca\/historia-de-la-creuada-espanyola-lluita-fe-i-relats-que-van-modelar-una-civilitzacio\/","name":"Hist\u00f2ria de la Creuada Espanyola, lluita, fe i relats que van modelar una civilitzaci\u00f3","isPartOf":{"@id":"https:\/\/antiguedadespasquin.com\/ca\/#website"},"primaryImageOfPage":{"@id":"https:\/\/antiguedadespasquin.com\/ca\/historia-de-la-creuada-espanyola-lluita-fe-i-relats-que-van-modelar-una-civilitzacio\/#primaryimage"},"image":{"@id":"https:\/\/antiguedadespasquin.com\/ca\/historia-de-la-creuada-espanyola-lluita-fe-i-relats-que-van-modelar-una-civilitzacio\/#primaryimage"},"thumbnailUrl":"https:\/\/antiguedadespasquin.com\/wp-content\/uploads\/2026\/02\/historia-de-la-cruzada-espanola-lucha-fe-y-relatos-que-moldearon-una-civilizacion.jpg","datePublished":"2026-01-19T20:42:00+00:00","author":{"@id":"https:\/\/antiguedadespasquin.com\/ca\/#\/schema\/person\/ff496689dddfa85553cb01918beeb183"},"description":"Explora la Hist\u00f2ria de la Creuada Espanyola: relats, objectes i consells pr\u00e0ctics per identificar i conservar peces \u00faniques. Descobreix la seva empremta en la cultura.","breadcrumb":{"@id":"https:\/\/antiguedadespasquin.com\/ca\/historia-de-la-creuada-espanyola-lluita-fe-i-relats-que-van-modelar-una-civilitzacio\/#breadcrumb"},"inLanguage":"ca","potentialAction":[{"@type":"ReadAction","target":["https:\/\/antiguedadespasquin.com\/ca\/historia-de-la-creuada-espanyola-lluita-fe-i-relats-que-van-modelar-una-civilitzacio\/"]}]},{"@type":"ImageObject","inLanguage":"ca","@id":"https:\/\/antiguedadespasquin.com\/ca\/historia-de-la-creuada-espanyola-lluita-fe-i-relats-que-van-modelar-una-civilitzacio\/#primaryimage","url":"https:\/\/antiguedadespasquin.com\/wp-content\/uploads\/2026\/02\/historia-de-la-cruzada-espanola-lucha-fe-y-relatos-que-moldearon-una-civilizacion.jpg","contentUrl":"https:\/\/antiguedadespasquin.com\/wp-content\/uploads\/2026\/02\/historia-de-la-cruzada-espanola-lucha-fe-y-relatos-que-moldearon-una-civilizacion.jpg","width":712,"height":512},{"@type":"BreadcrumbList","@id":"https:\/\/antiguedadespasquin.com\/ca\/historia-de-la-creuada-espanyola-lluita-fe-i-relats-que-van-modelar-una-civilitzacio\/#breadcrumb","itemListElement":[{"@type":"ListItem","position":1,"name":"Portada","item":"https:\/\/antiguedadespasquin.com\/ca\/"},{"@type":"ListItem","position":2,"name":"Hist\u00f2ria de la Creuada Espanyola, lluita, fe i relats que van modelar una civilitzaci\u00f3"}]},{"@type":"WebSite","@id":"https:\/\/antiguedadespasquin.com\/ca\/#website","url":"https:\/\/antiguedadespasquin.com\/ca\/","name":"el Desv\u00e1n de Pedro Pasqu\u00edn","description":"","potentialAction":[{"@type":"SearchAction","target":{"@type":"EntryPoint","urlTemplate":"https:\/\/antiguedadespasquin.com\/ca\/?s={search_term_string}"},"query-input":{"@type":"PropertyValueSpecification","valueRequired":true,"valueName":"search_term_string"}}],"inLanguage":"ca"},{"@type":"Person","@id":"https:\/\/antiguedadespasquin.com\/ca\/#\/schema\/person\/ff496689dddfa85553cb01918beeb183","name":"Alberto","url":"https:\/\/antiguedadespasquin.com\/ca\/author\/alberto\/"}]}},"_links":{"self":[{"href":"https:\/\/antiguedadespasquin.com\/ca\/wp-json\/wp\/v2\/posts\/8626","targetHints":{"allow":["GET"]}}],"collection":[{"href":"https:\/\/antiguedadespasquin.com\/ca\/wp-json\/wp\/v2\/posts"}],"about":[{"href":"https:\/\/antiguedadespasquin.com\/ca\/wp-json\/wp\/v2\/types\/post"}],"author":[{"embeddable":true,"href":"https:\/\/antiguedadespasquin.com\/ca\/wp-json\/wp\/v2\/users\/3"}],"replies":[{"embeddable":true,"href":"https:\/\/antiguedadespasquin.com\/ca\/wp-json\/wp\/v2\/comments?post=8626"}],"version-history":[{"count":0,"href":"https:\/\/antiguedadespasquin.com\/ca\/wp-json\/wp\/v2\/posts\/8626\/revisions"}],"wp:featuredmedia":[{"embeddable":true,"href":"https:\/\/antiguedadespasquin.com\/ca\/wp-json\/wp\/v2\/media\/8623"}],"wp:attachment":[{"href":"https:\/\/antiguedadespasquin.com\/ca\/wp-json\/wp\/v2\/media?parent=8626"}],"wp:term":[{"taxonomy":"category","embeddable":true,"href":"https:\/\/antiguedadespasquin.com\/ca\/wp-json\/wp\/v2\/categories?post=8626"},{"taxonomy":"post_tag","embeddable":true,"href":"https:\/\/antiguedadespasquin.com\/ca\/wp-json\/wp\/v2\/tags?post=8626"}],"curies":[{"name":"wp","href":"https:\/\/api.w.org\/{rel}","templated":true}]}}