{"id":8610,"date":"2025-01-11T08:49:00","date_gmt":"2025-01-11T06:49:00","guid":{"rendered":"https:\/\/antiguedadespasquin.com\/llum-de-manises-llum-del-passat-i-bellesa-que-il%c2%b7luminara-el-teu-espai\/"},"modified":"2025-01-11T08:49:00","modified_gmt":"2025-01-11T06:49:00","slug":"llum-de-manises-llum-del-passat-i-bellesa-que-il%c2%b7luminara-el-teu-espai","status":"publish","type":"post","link":"https:\/\/antiguedadespasquin.com\/ca\/llum-de-manises-llum-del-passat-i-bellesa-que-il%c2%b7luminara-el-teu-espai\/","title":{"rendered":"Llum de Manises, llum del passat i bellesa que il\u00b7luminar\u00e0 el teu espai"},"content":{"rendered":"<div itemscope itemtype='https:\/\/schema.org\/Article'>\n<header>\n<h2 itemprop='headline'>Llum de Manises, llum del passat i bellesa que il\u00b7luminar\u00e0 el teu espai<\/h2>\n<p><em>Un recorregut pr\u00e0ctic per la hist\u00f2ria, el valor i l\u2019\u00fas decoratiu d\u2019una pe\u00e7a que barreja cer\u00e0mica, llum i nost\u00e0lgia.<\/em><\/p>\n<\/header>\n<section itemprop='articleBody'>\n<p><strong>La Llum de Manises<\/strong> no \u00e9s nom\u00e9s un objecte d\u2019il\u00b7luminaci\u00f3: \u00e9s un testimoni de l\u2019ofici cer\u00e0mic, una pe\u00e7a que porta impresa la hist\u00f2ria d\u2019un poble i que, ben triada, pot transformar completament qualsevol habitaci\u00f3. En aquest llarg article trobar\u00e0s des de la <strong>hist\u00f2ria i fabricaci\u00f3<\/strong>, fins a <em>com identificar una pe\u00e7a aut\u00e8ntica<\/em>, consells pr\u00e0ctics de conservaci\u00f3, restauraci\u00f3, valoraci\u00f3 per a compra\/venda i propostes d\u2019il\u00b7luminaci\u00f3 i muntatge que et permetran treure el m\u00e0xim profit del teu descobriment.<\/p>\n<h2>1. Origen i hist\u00f2ria: per qu\u00e8 la Llum de Manises importa<\/h2>\n<p>Manises, a la prov\u00edncia de Val\u00e8ncia, t\u00e9 una tradici\u00f3 ceramista que es remunta a segles. Les peces de Manises van tenir pics de producci\u00f3 i estils que responien a gustos, t\u00e8cniques i mercats canviants. La <strong>llum de manises<\/strong> \u00e9s una manifestaci\u00f3 tardana d\u2019aquesta tradici\u00f3: una cer\u00e0mica vidriada que, en convertir-se en l\u00e0mpada, combina funci\u00f3 i est\u00e8tica.<\/p>\n<h3>1.1 Breu l\u00ednia temporal<\/h3>\n<ul>\n<li><strong>Segles medievals i renaixement:<\/strong> assentament de tallers cer\u00e0mics.<\/li>\n<li><strong>Segle XIX:<\/strong> renovaci\u00f3 t\u00e8cnica i auge de peces decoratives.<\/li>\n<li><strong>Segle XX:<\/strong> consolidaci\u00f3 de la producci\u00f3 d\u2019objectes decoratius i l\u00e0mpades.<\/li>\n<\/ul>\n<p>Comprendre aquesta evoluci\u00f3 t\u2019ajuda a situar una <em>llum de manises<\/em> dins d\u2019una \u00e8poca concreta i, per tant, a valorar-ne la raret i el preu.<\/p>\n<h2>2. Com identificar una Llum de Manises aut\u00e8ntica<\/h2>\n<p>Identificar l\u2019autenticitat combina observaci\u00f3, coneixement t\u00e8cnic i sentit com\u00fa. Aqu\u00ed tens una llista pr\u00e0ctica de comprovacions i exemples reals que pots aplicar en una inspecci\u00f3 en m\u00e0 o quan revisis fotos.<\/p>\n<h3>2.1 Llista de comprovaci\u00f3 r\u00e0pida<\/h3>\n<ol>\n<li><strong>Vidriat i color:<\/strong> cerca esmalts t\u00edpics amb brillantor profunda i acabats que mostrin craquelats fins en peces m\u00e9s antigues.<\/li>\n<li><strong>Segell o marca:<\/strong> molts tallers van deixar marques, firmes o etiquetes. No tenir marca no sempre significa falsedat, per\u00f2 la seva pres\u00e8ncia ajuda.<\/li>\n<li><strong>Qualitat del modelat:<\/strong> detalls fins en relleus, vores n\u00edtides i simetria ben resolta s\u00f3n signes de taller artesanal.<\/li>\n<li><strong>Restauracions:<\/strong> cops, ompliments i repintats es detecten al tacte, al soroll sec en colpejar suaument i amb llum rasant.<\/li>\n<li><strong>P\u00e0tina i desgast:<\/strong> un desgast coherent (a la base i vores) indica antiguitat; un desgast homogeni i artificial pot ser engany\u00f3s.<\/li>\n<\/ol>\n<h3>2.2 Exemple pr\u00e0ctic<\/h3>\n<p>Si observes una l\u00e0mpada amb esmalt turquesa molt viu, sense craquelat i amb una etiqueta de botiga recent enganxada: pot ser una reproducci\u00f3 o una pe\u00e7a retocada. En canvi, una pe\u00e7a amb petits cops, craquelat fi i base amb marques de mans i sorra remet a un proc\u00e9s d\u2019elaboraci\u00f3 tradicional.<\/p>\n<h2>3. Tipus i estils: com varien les Llums de Manises<\/h2>\n<p>No existeix un \u00fanic model. Les l\u00e0mpades poden variar segons:<\/p>\n<ul>\n<li><strong>\u00c8poca<\/strong> (modernisme, art d\u00e9co, postguerra).<\/li>\n<li><strong>Funci\u00f3<\/strong> (tauleta, penjant, aplic).<\/li>\n<li><strong>Decoraci\u00f3<\/strong> (floral, geom\u00e8trica, policromada).<\/li>\n<\/ul>\n<p>Con\u00e8ixer aquestes variants t\u2019ajuda a encaixar la pe\u00e7a en el seu context i a comunicar correctament el seu valor a compradors potencials o museus.<\/p>\n<h2>4. Valoraci\u00f3: quant pot costar una Llum de Manises<\/h2>\n<p>La valoraci\u00f3 dep\u00e8n de factors objectius i del mercat. Considera sempre:<\/p>\n<ul>\n<li><strong>Raretat:<\/strong> models exclusius o signats pugen el preu.<\/li>\n<li><strong>Estat:<\/strong> peces intactes valen m\u00e9s que les restaurades.<\/li>\n<li><strong>Proced\u00e8ncia:<\/strong> una hist\u00f2ria documentada o proced\u00e8ncia d\u2019una col\u00b7lecci\u00f3 reconeguda augmenta confian\u00e7a i preu.<\/li>\n<li><strong>Mida i practicitat:<\/strong> objectes que funcionen b\u00e9 en habitatges moderns solen tenir m\u00e9s demanda.<\/li>\n<\/ul>\n<p>Exemple: una l\u00e0mpada de taula en bon estat i decorada pot cotitzar des d\u2019un rang moderat fins a una xifra superior si \u00e9s d\u2019autor o d\u2019una s\u00e8rie limitada.<\/p>\n<h3>4.1 M\u00e8tode pr\u00e0ctic per estimar preu<\/h3>\n<ol>\n<li>Cerca refer\u00e8ncies en vendes recents (subhastes, botigues especialitzades).<\/li>\n<li>Compara peces per estat i dimensions.<\/li>\n<li>Descompta per restauracions i afegeix per raretats.<\/li>\n<li>Aplica un marge segons la demanda local i l\u2019estacionalitat.<\/li>\n<\/ol>\n<h2>5. Conservaci\u00f3 i restauraci\u00f3: com mantenir o reparar sense arru\u00efnar valor<\/h2>\n<p>La restauraci\u00f3 ha de ser conservadora. Aqu\u00ed tens una guia pr\u00e0ctica:<\/p>\n<h3>5.1 Principis b\u00e0sics<\/h3>\n<ul>\n<li><strong>Menys \u00e9s m\u00e9s:<\/strong> les intervencions m\u00ednimes preserven p\u00e0tina i valor.<\/li>\n<li><strong>Documenta tot:<\/strong> fotos abans\/despr\u00e9s i notes dels materials usats.<\/li>\n<li><strong>Cerca especialistes:<\/strong> ceramistes o restauradors amb experi\u00e8ncia en vidriats cer\u00e0mics.<\/li>\n<\/ul>\n<h3>5.2 Passos d\u2019una restauraci\u00f3 segura<\/h3>\n<ol>\n<li>Avaluaci\u00f3 inicial: identificar fractures, mancances i tipus d\u2019esmalt.<\/li>\n<li>Neteja suau: draps sense pelussa i solucions neutres.<\/li>\n<li>Consolidaci\u00f3 de fractures: adhesius adequats per a cer\u00e0mica.<\/li>\n<li>Ompliments i reintegracions crom\u00e0tiques m\u00ednims i reversibles.<\/li>\n<li>Protecci\u00f3 final: evitar vernissos que alterin el brillant original.<\/li>\n<\/ol>\n<h2>6. Com integrar una Llum de Manises en decoraci\u00f3 contempor\u00e0nia<\/h2>\n<p>Una l\u00e0mpada cer\u00e0mica pot ser el focus visual d\u2019una sala d\u2019estar, una taula auxiliar o un rac\u00f3 de lectura. Aqu\u00ed tens idees concretes:<\/p>\n<ul>\n<li><strong>Contrast modern-cl\u00e0ssic:<\/strong> col\u00b7loca-la sobre mobles de l\u00ednies netes per destacar textura i color.<\/li>\n<li><strong>Composici\u00f3 per tr\u00edos:<\/strong> agrupa peces petites per generar ritme visual.<\/li>\n<li><strong>Il\u00b7luminaci\u00f3 per capes:<\/strong> combina llum ambiental, puntual i d\u2019accent; la l\u00e0mpada destacar\u00e0 m\u00e9s.<\/li>\n<\/ul>\n<p>Exemple pr\u00e0ctic: una l\u00e0mpada Manises turquesa sobre una consola blanca, amb un mirall oval darrere, crea profunditat i una sensaci\u00f3 d\u2019hist\u00f2ria incorporada al present.<\/p>\n<h2>7. Comprar i vendre: estrat\u00e8gies pr\u00e0ctiques<\/h2>\n<p>Si compres, aposta per peces amb documentaci\u00f3 i fotografies clares. Si vens, explica la seva hist\u00f2ria: la proced\u00e8ncia i l\u2019estat augmenten confian\u00e7a. A continuaci\u00f3, accions concretes:<\/p>\n<h3>7.1 Per a compradors<\/h3>\n<ul>\n<li>Demana fotos de tots els angles i de l\u2019interior del casquet el\u00e8ctric.<\/li>\n<li>Exigeix informaci\u00f3 sobre restauracions pr\u00e8vies.<\/li>\n<li>Verifica mesures i pes abans de negociar el cost d\u2019enviament.<\/li>\n<\/ul>\n<h3>7.2 Per a venedors<\/h3>\n<ul>\n<li>Prepara una fitxa amb fotos en alta resoluci\u00f3, mesures i descripci\u00f3 honesta.<\/li>\n<li>Menciona qualsevol reparaci\u00f3: la transpar\u00e8ncia augmenta la conversi\u00f3.<\/li>\n<li>Ofereix un preu inicial competitiu i possibilitat d\u2019enviament segur.<\/li>\n<\/ul>\n<p>Si vens altres peces o necessites una refer\u00e8ncia sobre mercats locals, revisa recursos especialitzats; per exemple, si cerques informaci\u00f3 sobre on portar objectes diferents, consulta aquest enlla\u00e7: <a href='https:\/\/antiguedadespasquin.com\/ca\/bitllets-antiguos-quant-valen-i-on-vendrels-a-barcelona\/'>on vendre bitllets antics a Barcelona<\/a>. (Aquest tipus d\u2019enlla\u00e7os et pot ajudar a entendre processos de venda i log\u00edstica aplicables tamb\u00e9 a l\u00e0mpades i cer\u00e0miques).<\/p>\n<h2>8. Idees de presentaci\u00f3 per a venda o exposici\u00f3<\/h2>\n<p>La presentaci\u00f3 pot multiplicar el valor percebut. Aplicables tant a botigues f\u00edsiques com a fotografies per a venda en l\u00ednia:<\/p>\n<ul>\n<li><strong>Il\u00b7luminaci\u00f3 adequada:<\/strong> utilitza llum c\u00e0lida per real\u00e7ar esmalts.<\/li>\n<li><strong>Fons neutre:<\/strong> fons mats i colors suaus no distreuen.<\/li>\n<li><strong>Context d\u2019\u00fas:<\/strong> mostra la l\u00e0mpada encesa en un ambient real.<\/li>\n<\/ul>\n<h3>8.1 Checklist per a fotos de venda<\/h3>\n<ol>\n<li>Foto general de la pe\u00e7a en context.<\/li>\n<li>Detall de l\u2019esmalt i decoraci\u00f3.<\/li>\n<li>Base, marca o segell (si existeix).<\/li>\n<li>Estat del casquet i la part el\u00e8ctrica.<\/li>\n<li>Mesures i pes a la descripci\u00f3.<\/li>\n<\/ol>\n<h2>9. Preguntes freq\u00fcents (FAQ)<\/h2>\n<h3>S\u00f3n segures les l\u00e0mpades antigues per usar avui?<\/h3>\n<p>S\u00ed, amb condicions: revisa la instal\u00b7laci\u00f3 el\u00e8ctrica i substitueix cablejat o casquets que estiguin deteriorats. Usa un electricista si no est\u00e0s segur.<\/p>\n<h3>Es poden restaurar sense perdre valor?<\/h3>\n<p>Les restauracions m\u00ednimes i ben documentades solen preservar o fins i tot augmentar el valor. Restauracions agressives o mal documentades poden reduir-lo.<\/p>\n<h3>Com saber si una pe\u00e7a \u00e9s massa cara?<\/h3>\n<p>Comparant amb vendes similars, estat i proves d\u2019autenticaci\u00f3. Si el preu no es justifica per raret o condici\u00f3, negocia o busca altres opcions.<\/p>\n<h2>10. Errors comuns i com evitar-los<\/h2>\n<ul>\n<li><strong>Comprar per impuls sense verificar:<\/strong> demana temps per investigar.<\/li>\n<li><strong>Pagar de m\u00e9s per moda:<\/strong> algunes modes eleven preus temporalment; prioritza qualitat.<\/li>\n<li><strong>Amagar danys:<\/strong> sempre documenta i comunica fallades, evita reclamacions posteriors.<\/li>\n<\/ul>\n<h2>11. Recursos i passos seg\u00fcents (pr\u00e0ctics)<\/h2>\n<p>Si t\u2019interessa comen\u00e7ar la teva pr\u00f2pia recerca o col\u00b7lecci\u00f3 de <strong>llum de manises<\/strong>, segueix aquest pla d\u2019acci\u00f3 f\u00e0cil:<\/p>\n<ol>\n<li>Analitza el teu espai i defineix quin tipus de l\u00e0mpada necessites (de taula, penjant&#8230;).<\/li>\n<li>Estableix un pressupost realista que inclogui restauraci\u00f3 i enviament.<\/li>\n<li>Sol\u00b7licita documentaci\u00f3 i fotos detallades al venedor.<\/li>\n<li>Consulta un restaurador abans de comprar peces amb danys visibles.<\/li>\n<\/ol>\n<aside>\n<p><strong>Consell breu:<\/strong> les peces amb hist\u00f2ria documentada s\u00f3n m\u00e9s atractives per a col\u00b7leccionistes i sovint aconsegueixen millors preus en venda. Una petita inversi\u00f3 en documentaci\u00f3 pot rendir benefici.<\/p>\n<\/aside>\n<h2>12. Conclusi\u00f3<\/h2>\n<p>La <strong>Llum de Manises<\/strong> reuneix l\u2019encant de la cer\u00e0mica tradicional amb la utilitat quotidiana d\u2019una l\u00e0mpada. Si la cerques, identifica-la amb paci\u00e8ncia, cuida-la amb criteri i presenta-la amb honestedat: aix\u00ed multiplicar\u00e0s el seu valor est\u00e8tic i comercial. Si t\u2019interessa aprofundir o necessites ajuda per valorar una pe\u00e7a concreta, converteix-te en part de la comunitat d\u2019amants de les antiguitats que mira m\u00e9s enll\u00e0 de l\u2019objecte i valora la seva hist\u00f2ria.<\/p>\n<footer>\n<p><time datetime='2026-02-26'>\u00daltima actualitzaci\u00f3: 26\/02\/2026<\/time><\/p>\n<\/footer>\n<\/section>\n<\/div>\n","protected":false},"excerpt":{"rendered":"<p>Descobreix la Llum de Manises: hist\u00f2ria, identificaci\u00f3 i consells pr\u00e0ctics per conservar i vendre una pe\u00e7a \u00fanica. Bellesa i valor en cada detall.<\/p>\n","protected":false},"author":3,"featured_media":8607,"comment_status":"open","ping_status":"closed","sticky":false,"template":"","format":"standard","meta":{"_yoast_wpseo_focuskw":"","_yoast_wpseo_title":"Llum de Manises, llum del passat i bellesa que il\u00b7luminar\u00e0 el teu espai","_yoast_wpseo_metadesc":"Descobreix la Llum de Manises: hist\u00f2ria, identificaci\u00f3 i consells pr\u00e0ctics per conservar i vendre una pe\u00e7a \u00fanica. Bellesa i valor en cada detall.","footnotes":""},"categories":[],"tags":[],"class_list":["post-8610","post","type-post","status-publish","format-standard","has-post-thumbnail","hentry"],"yoast_head":"<!-- This site is optimized with the Yoast SEO plugin v24.6 - https:\/\/yoast.com\/wordpress\/plugins\/seo\/ -->\n<title>Llum de Manises, llum del passat i bellesa que il\u00b7luminar\u00e0 el teu espai<\/title>\n<meta name=\"description\" content=\"Descobreix la Llum de Manises: hist\u00f2ria, identificaci\u00f3 i consells pr\u00e0ctics per conservar i vendre una pe\u00e7a \u00fanica. Bellesa i valor en cada detall.\" \/>\n<meta name=\"robots\" content=\"index, follow, max-snippet:-1, max-image-preview:large, max-video-preview:-1\" \/>\n<link rel=\"canonical\" href=\"https:\/\/antiguedadespasquin.com\/ca\/llum-de-manises-llum-del-passat-i-bellesa-que-il%c2%b7luminara-el-teu-espai\/\" \/>\n<meta property=\"og:locale\" content=\"ca_ES\" \/>\n<meta property=\"og:type\" content=\"article\" \/>\n<meta property=\"og:title\" content=\"Llum de Manises, llum del passat i bellesa que il\u00b7luminar\u00e0 el teu espai\" \/>\n<meta property=\"og:description\" content=\"Descobreix la Llum de Manises: hist\u00f2ria, identificaci\u00f3 i consells pr\u00e0ctics per conservar i vendre una pe\u00e7a \u00fanica. Bellesa i valor en cada detall.\" \/>\n<meta property=\"og:url\" content=\"https:\/\/antiguedadespasquin.com\/ca\/llum-de-manises-llum-del-passat-i-bellesa-que-il%c2%b7luminara-el-teu-espai\/\" \/>\n<meta property=\"og:site_name\" content=\"el Desv\u00e1n de Pedro Pasqu\u00edn\" \/>\n<meta property=\"article:published_time\" content=\"2025-01-11T06:49:00+00:00\" \/>\n<meta property=\"og:image\" content=\"https:\/\/antiguedadespasquin.com\/wp-content\/uploads\/2026\/02\/lampara-manises-luz-del-pasado-y-belleza-que-iluminara-tu-espacio.jpg\" \/>\n\t<meta property=\"og:image:width\" content=\"712\" \/>\n\t<meta property=\"og:image:height\" content=\"512\" \/>\n\t<meta property=\"og:image:type\" content=\"image\/jpeg\" \/>\n<meta name=\"author\" content=\"Alberto\" \/>\n<meta name=\"twitter:card\" content=\"summary_large_image\" \/>\n<meta name=\"twitter:label1\" content=\"Escrit per\" \/>\n\t<meta name=\"twitter:data1\" content=\"Alberto\" \/>\n\t<meta name=\"twitter:label2\" content=\"Temps estimat de lectura\" \/>\n\t<meta name=\"twitter:data2\" content=\"7 minuts\" \/>\n<script type=\"application\/ld+json\" class=\"yoast-schema-graph\">{\"@context\":\"https:\/\/schema.org\",\"@graph\":[{\"@type\":\"WebPage\",\"@id\":\"https:\/\/antiguedadespasquin.com\/ca\/llum-de-manises-llum-del-passat-i-bellesa-que-il%c2%b7luminara-el-teu-espai\/\",\"url\":\"https:\/\/antiguedadespasquin.com\/ca\/llum-de-manises-llum-del-passat-i-bellesa-que-il%c2%b7luminara-el-teu-espai\/\",\"name\":\"Llum de Manises, llum del passat i bellesa que il\u00b7luminar\u00e0 el teu espai\",\"isPartOf\":{\"@id\":\"https:\/\/antiguedadespasquin.com\/ca\/#website\"},\"primaryImageOfPage\":{\"@id\":\"https:\/\/antiguedadespasquin.com\/ca\/llum-de-manises-llum-del-passat-i-bellesa-que-il%c2%b7luminara-el-teu-espai\/#primaryimage\"},\"image\":{\"@id\":\"https:\/\/antiguedadespasquin.com\/ca\/llum-de-manises-llum-del-passat-i-bellesa-que-il%c2%b7luminara-el-teu-espai\/#primaryimage\"},\"thumbnailUrl\":\"https:\/\/antiguedadespasquin.com\/wp-content\/uploads\/2026\/02\/lampara-manises-luz-del-pasado-y-belleza-que-iluminara-tu-espacio.jpg\",\"datePublished\":\"2025-01-11T06:49:00+00:00\",\"author\":{\"@id\":\"https:\/\/antiguedadespasquin.com\/ca\/#\/schema\/person\/ff496689dddfa85553cb01918beeb183\"},\"description\":\"Descobreix la Llum de Manises: hist\u00f2ria, identificaci\u00f3 i consells pr\u00e0ctics per conservar i vendre una pe\u00e7a \u00fanica. Bellesa i valor en cada detall.\",\"breadcrumb\":{\"@id\":\"https:\/\/antiguedadespasquin.com\/ca\/llum-de-manises-llum-del-passat-i-bellesa-que-il%c2%b7luminara-el-teu-espai\/#breadcrumb\"},\"inLanguage\":\"ca\",\"potentialAction\":[{\"@type\":\"ReadAction\",\"target\":[\"https:\/\/antiguedadespasquin.com\/ca\/llum-de-manises-llum-del-passat-i-bellesa-que-il%c2%b7luminara-el-teu-espai\/\"]}]},{\"@type\":\"ImageObject\",\"inLanguage\":\"ca\",\"@id\":\"https:\/\/antiguedadespasquin.com\/ca\/llum-de-manises-llum-del-passat-i-bellesa-que-il%c2%b7luminara-el-teu-espai\/#primaryimage\",\"url\":\"https:\/\/antiguedadespasquin.com\/wp-content\/uploads\/2026\/02\/lampara-manises-luz-del-pasado-y-belleza-que-iluminara-tu-espacio.jpg\",\"contentUrl\":\"https:\/\/antiguedadespasquin.com\/wp-content\/uploads\/2026\/02\/lampara-manises-luz-del-pasado-y-belleza-que-iluminara-tu-espacio.jpg\",\"width\":712,\"height\":512},{\"@type\":\"BreadcrumbList\",\"@id\":\"https:\/\/antiguedadespasquin.com\/ca\/llum-de-manises-llum-del-passat-i-bellesa-que-il%c2%b7luminara-el-teu-espai\/#breadcrumb\",\"itemListElement\":[{\"@type\":\"ListItem\",\"position\":1,\"name\":\"Portada\",\"item\":\"https:\/\/antiguedadespasquin.com\/ca\/\"},{\"@type\":\"ListItem\",\"position\":2,\"name\":\"Llum de Manises, llum del passat i bellesa que il\u00b7luminar\u00e0 el teu espai\"}]},{\"@type\":\"WebSite\",\"@id\":\"https:\/\/antiguedadespasquin.com\/ca\/#website\",\"url\":\"https:\/\/antiguedadespasquin.com\/ca\/\",\"name\":\"el Desv\u00e1n de Pedro Pasqu\u00edn\",\"description\":\"\",\"potentialAction\":[{\"@type\":\"SearchAction\",\"target\":{\"@type\":\"EntryPoint\",\"urlTemplate\":\"https:\/\/antiguedadespasquin.com\/ca\/?s={search_term_string}\"},\"query-input\":{\"@type\":\"PropertyValueSpecification\",\"valueRequired\":true,\"valueName\":\"search_term_string\"}}],\"inLanguage\":\"ca\"},{\"@type\":\"Person\",\"@id\":\"https:\/\/antiguedadespasquin.com\/ca\/#\/schema\/person\/ff496689dddfa85553cb01918beeb183\",\"name\":\"Alberto\",\"url\":\"https:\/\/antiguedadespasquin.com\/ca\/author\/alberto\/\"}]}<\/script>\n<!-- \/ Yoast SEO plugin. -->","yoast_head_json":{"title":"Llum de Manises, llum del passat i bellesa que il\u00b7luminar\u00e0 el teu espai","description":"Descobreix la Llum de Manises: hist\u00f2ria, identificaci\u00f3 i consells pr\u00e0ctics per conservar i vendre una pe\u00e7a \u00fanica. Bellesa i valor en cada detall.","robots":{"index":"index","follow":"follow","max-snippet":"max-snippet:-1","max-image-preview":"max-image-preview:large","max-video-preview":"max-video-preview:-1"},"canonical":"https:\/\/antiguedadespasquin.com\/ca\/llum-de-manises-llum-del-passat-i-bellesa-que-il%c2%b7luminara-el-teu-espai\/","og_locale":"ca_ES","og_type":"article","og_title":"Llum de Manises, llum del passat i bellesa que il\u00b7luminar\u00e0 el teu espai","og_description":"Descobreix la Llum de Manises: hist\u00f2ria, identificaci\u00f3 i consells pr\u00e0ctics per conservar i vendre una pe\u00e7a \u00fanica. Bellesa i valor en cada detall.","og_url":"https:\/\/antiguedadespasquin.com\/ca\/llum-de-manises-llum-del-passat-i-bellesa-que-il%c2%b7luminara-el-teu-espai\/","og_site_name":"el Desv\u00e1n de Pedro Pasqu\u00edn","article_published_time":"2025-01-11T06:49:00+00:00","og_image":[{"width":712,"height":512,"url":"https:\/\/antiguedadespasquin.com\/wp-content\/uploads\/2026\/02\/lampara-manises-luz-del-pasado-y-belleza-que-iluminara-tu-espacio.jpg","type":"image\/jpeg"}],"author":"Alberto","twitter_card":"summary_large_image","twitter_misc":{"Escrit per":"Alberto","Temps estimat de lectura":"7 minuts"},"schema":{"@context":"https:\/\/schema.org","@graph":[{"@type":"WebPage","@id":"https:\/\/antiguedadespasquin.com\/ca\/llum-de-manises-llum-del-passat-i-bellesa-que-il%c2%b7luminara-el-teu-espai\/","url":"https:\/\/antiguedadespasquin.com\/ca\/llum-de-manises-llum-del-passat-i-bellesa-que-il%c2%b7luminara-el-teu-espai\/","name":"Llum de Manises, llum del passat i bellesa que il\u00b7luminar\u00e0 el teu espai","isPartOf":{"@id":"https:\/\/antiguedadespasquin.com\/ca\/#website"},"primaryImageOfPage":{"@id":"https:\/\/antiguedadespasquin.com\/ca\/llum-de-manises-llum-del-passat-i-bellesa-que-il%c2%b7luminara-el-teu-espai\/#primaryimage"},"image":{"@id":"https:\/\/antiguedadespasquin.com\/ca\/llum-de-manises-llum-del-passat-i-bellesa-que-il%c2%b7luminara-el-teu-espai\/#primaryimage"},"thumbnailUrl":"https:\/\/antiguedadespasquin.com\/wp-content\/uploads\/2026\/02\/lampara-manises-luz-del-pasado-y-belleza-que-iluminara-tu-espacio.jpg","datePublished":"2025-01-11T06:49:00+00:00","author":{"@id":"https:\/\/antiguedadespasquin.com\/ca\/#\/schema\/person\/ff496689dddfa85553cb01918beeb183"},"description":"Descobreix la Llum de Manises: hist\u00f2ria, identificaci\u00f3 i consells pr\u00e0ctics per conservar i vendre una pe\u00e7a \u00fanica. Bellesa i valor en cada detall.","breadcrumb":{"@id":"https:\/\/antiguedadespasquin.com\/ca\/llum-de-manises-llum-del-passat-i-bellesa-que-il%c2%b7luminara-el-teu-espai\/#breadcrumb"},"inLanguage":"ca","potentialAction":[{"@type":"ReadAction","target":["https:\/\/antiguedadespasquin.com\/ca\/llum-de-manises-llum-del-passat-i-bellesa-que-il%c2%b7luminara-el-teu-espai\/"]}]},{"@type":"ImageObject","inLanguage":"ca","@id":"https:\/\/antiguedadespasquin.com\/ca\/llum-de-manises-llum-del-passat-i-bellesa-que-il%c2%b7luminara-el-teu-espai\/#primaryimage","url":"https:\/\/antiguedadespasquin.com\/wp-content\/uploads\/2026\/02\/lampara-manises-luz-del-pasado-y-belleza-que-iluminara-tu-espacio.jpg","contentUrl":"https:\/\/antiguedadespasquin.com\/wp-content\/uploads\/2026\/02\/lampara-manises-luz-del-pasado-y-belleza-que-iluminara-tu-espacio.jpg","width":712,"height":512},{"@type":"BreadcrumbList","@id":"https:\/\/antiguedadespasquin.com\/ca\/llum-de-manises-llum-del-passat-i-bellesa-que-il%c2%b7luminara-el-teu-espai\/#breadcrumb","itemListElement":[{"@type":"ListItem","position":1,"name":"Portada","item":"https:\/\/antiguedadespasquin.com\/ca\/"},{"@type":"ListItem","position":2,"name":"Llum de Manises, llum del passat i bellesa que il\u00b7luminar\u00e0 el teu espai"}]},{"@type":"WebSite","@id":"https:\/\/antiguedadespasquin.com\/ca\/#website","url":"https:\/\/antiguedadespasquin.com\/ca\/","name":"el Desv\u00e1n de Pedro Pasqu\u00edn","description":"","potentialAction":[{"@type":"SearchAction","target":{"@type":"EntryPoint","urlTemplate":"https:\/\/antiguedadespasquin.com\/ca\/?s={search_term_string}"},"query-input":{"@type":"PropertyValueSpecification","valueRequired":true,"valueName":"search_term_string"}}],"inLanguage":"ca"},{"@type":"Person","@id":"https:\/\/antiguedadespasquin.com\/ca\/#\/schema\/person\/ff496689dddfa85553cb01918beeb183","name":"Alberto","url":"https:\/\/antiguedadespasquin.com\/ca\/author\/alberto\/"}]}},"_links":{"self":[{"href":"https:\/\/antiguedadespasquin.com\/ca\/wp-json\/wp\/v2\/posts\/8610","targetHints":{"allow":["GET"]}}],"collection":[{"href":"https:\/\/antiguedadespasquin.com\/ca\/wp-json\/wp\/v2\/posts"}],"about":[{"href":"https:\/\/antiguedadespasquin.com\/ca\/wp-json\/wp\/v2\/types\/post"}],"author":[{"embeddable":true,"href":"https:\/\/antiguedadespasquin.com\/ca\/wp-json\/wp\/v2\/users\/3"}],"replies":[{"embeddable":true,"href":"https:\/\/antiguedadespasquin.com\/ca\/wp-json\/wp\/v2\/comments?post=8610"}],"version-history":[{"count":0,"href":"https:\/\/antiguedadespasquin.com\/ca\/wp-json\/wp\/v2\/posts\/8610\/revisions"}],"wp:featuredmedia":[{"embeddable":true,"href":"https:\/\/antiguedadespasquin.com\/ca\/wp-json\/wp\/v2\/media\/8607"}],"wp:attachment":[{"href":"https:\/\/antiguedadespasquin.com\/ca\/wp-json\/wp\/v2\/media?parent=8610"}],"wp:term":[{"taxonomy":"category","embeddable":true,"href":"https:\/\/antiguedadespasquin.com\/ca\/wp-json\/wp\/v2\/categories?post=8610"},{"taxonomy":"post_tag","embeddable":true,"href":"https:\/\/antiguedadespasquin.com\/ca\/wp-json\/wp\/v2\/tags?post=8610"}],"curies":[{"name":"wp","href":"https:\/\/api.w.org\/{rel}","templated":true}]}}