{"id":5878,"date":"2025-02-03T19:28:51","date_gmt":"2025-02-03T17:28:51","guid":{"rendered":"https:\/\/antiguedadespasquin.com\/?p=5878"},"modified":"2025-01-30T17:49:39","modified_gmt":"2025-01-30T15:49:39","slug":"nines-de-por","status":"publish","type":"post","link":"https:\/\/antiguedadespasquin.com\/ca\/nines-de-por\/","title":{"rendered":"Nines de por"},"content":{"rendered":"<div class=\"wp-block-image\">\n<figure class=\"aligncenter size-full\"><img fetchpriority=\"high\" decoding=\"async\" width=\"630\" height=\"355\" src=\"https:\/\/antiguedadespasquin.com\/wp-content\/uploads\/2025\/01\/image-5.png\" alt=\"\" class=\"wp-image-5873\" srcset=\"https:\/\/antiguedadespasquin.com\/wp-content\/uploads\/2025\/01\/image-5.png 630w, https:\/\/antiguedadespasquin.com\/wp-content\/uploads\/2025\/01\/image-5-300x169.png 300w, https:\/\/antiguedadespasquin.com\/wp-content\/uploads\/2025\/01\/image-5-440x248.png 440w\" sizes=\"(max-width: 630px) 100vw, 630px\" \/><\/figure>\n<\/div>\n\n\n<p class=\"has-text-align-center\"><em>imatge:https:\/\/ep01.epimg.net\/<\/em><\/p>\n\n\n\n<p>Les nines han format part de la cultura humana des de fa segles, per\u00f2 n&#8217;hi ha un tipus en especial que provoca tant fascinaci\u00f3 com terror: les <strong>nines de por<\/strong>. Aquestes figures, amb la seva aparen\u00e7a inquietant i el seu halo de misteri, han trobat un lloc privilegiat tant en el m\u00f3n del col\u00b7leccionisme com en la ind\u00fastria del cinema de terror. Per\u00f2, qu\u00e8 les fa tan irresistibles?<\/p>\n\n\n\n<h2 class=\"wp-block-heading\">Or\u00edgens de les nines de por i el seu impacte en la cultura<\/h2>\n\n\n\n<p>Des de les antigues civilitzacions fins a l&#8217;actualitat, les nines han estat objectes de joc, ritus religiosos i fins i tot elements decoratius. No obstant aix\u00f2, algunes tenen una aura macabra que les converteix en veritables \u00edcones del terror. Aquest fenomen no \u00e9s casualitat; hi ha diverses raons que expliquen per qu\u00e8 aquestes figures han adquirit tanta popularitat.<\/p>\n\n\n\n<h3 class=\"wp-block-heading\">L&#8217;aparen\u00e7a inquietant<\/h3>\n\n\n\n<p>El disseny de les nines de por juga amb el que els psic\u00f2legs anomenen el &#8220;<strong>vall inquietant<\/strong>&#8220;, un concepte que explica com certs objectes amb aparen\u00e7a gaireb\u00e9 humana poden generar sensacions d&#8217;angoixa o por. Ulls de vidre imm\u00f2bils, rostres esquerdats o somriures congelats creen una sensaci\u00f3 d&#8217;incomoditat, fent que l&#8217;espectador percebi alguna cosa &#8220;fora de lloc&#8221;.<\/p>\n\n\n\n<h3 class=\"wp-block-heading\">Hist\u00f2ries i llegendes urbanes<\/h3>\n\n\n<div class=\"wp-block-image\">\n<figure class=\"alignright size-full\"><img decoding=\"async\" width=\"250\" height=\"390\" src=\"https:\/\/antiguedadespasquin.com\/wp-content\/uploads\/2025\/02\/image-4.png\" alt=\"\" class=\"wp-image-5901\" srcset=\"https:\/\/antiguedadespasquin.com\/wp-content\/uploads\/2025\/02\/image-4.png 250w, https:\/\/antiguedadespasquin.com\/wp-content\/uploads\/2025\/02\/image-4-192x300.png 192w\" sizes=\"(max-width: 250px) 100vw, 250px\" \/><\/figure>\n<\/div>\n\n\n<p>Moltes nines de por tenen un rerefons hist\u00f2ric o mitol\u00f2gic que les fa encara m\u00e9s aterridores. Algunes de les m\u00e9s famoses inclouen:<\/p>\n\n\n\n<ul class=\"wp-block-list\">\n<li><strong>Annabelle<\/strong>: Inspirada en una nina real de drap, aquesta figura es troba en un museu del paranormal i ha estat la base de diverses pel\u00b7l\u00edcules de terror.<\/li>\n\n\n\n<li><strong>Robert the Doll<\/strong>: Situada a Florida, aquesta nina \u00e9s famosa pels suposats esdeveniments sobrenaturals que l&#8217;envolten.<\/li>\n\n\n\n<li><strong>Okiku<\/strong>: Una nina japonesa que, segons la llegenda, t\u00e9 un cabell que creix de manera inexplicable.<\/li>\n<\/ul>\n\n\n\n<p>Aquestes hist\u00f2ries contribueixen a l&#8217;aura de misteri i temor que envolta aquestes peces, augmentant el seu atractiu per als col\u00b7leccionistes i els fan\u00e0tics del terror.<\/p>\n\n\n\n<h2 class=\"wp-block-heading\">Per qu\u00e8 les nines de por s\u00f3n tan populars en el col\u00b7leccionisme?<\/h2>\n\n\n\n<p>El col\u00b7leccionisme de nines no \u00e9s exclusiu dels nens. Els adults tamb\u00e9 troben en aquestes peces un atractiu especial, sobretot quan es tracta de nines de por. Hi ha diversos factors que expliquen la seva popularitat:<\/p>\n\n\n\n<h3 class=\"wp-block-heading\">Valor hist\u00f2ric i art\u00edstic<\/h3>\n\n\n\n<p>Les nines antigues solen ser veritables obres d&#8217;art, fabricades amb materials com porcellana, fusta tallada i vestimenta elaborada a m\u00e0. La seva antiguitat i el nivell de detall fan que siguin peces altament valorades en el m\u00f3n del col\u00b7leccionisme.<\/p>\n\n\n\n<h3 class=\"wp-block-heading\">La fascinaci\u00f3 pel macabre<\/h3>\n\n\n\n<p>Per a molts, l&#8217;atractiu d&#8217;aquestes nines rau en el morbo de posseir un objecte que, en teoria, pot estar &#8220;male\u00eft&#8221; o tenir una hist\u00f2ria fosca. \u00c9s un fenomen similar al dels col\u00b7leccionistes d&#8217;antiguitats amb hist\u00f2ries tr\u00e0giques o m\u00e0scares de la mort.<\/p>\n\n\n\n<h3 class=\"wp-block-heading\">Exclusivitat i raresa<\/h3>\n\n\n\n<p>Algunes nines de por s\u00f3n peces \u00fanica o formen part d&#8217;edicions limitades. Aix\u00f2 augmenta el seu valor i fa que siguin molt buscades per col\u00b7leccionistes disposats a pagar grans sumes per elles.<\/p>\n\n\n\n<h2 class=\"wp-block-heading\">Les nines de por en el cinema de terror<\/h2>\n\n\n\n<p>El cinema de terror ha sabut explotar la por que generen les nines per crear algunes de les pel\u00b7l\u00edcules m\u00e9s ic\u00f2niques del g\u00e8nere. Aquestes figures han estat protagonistes o elements clau en diverses produccions.<\/p>\n\n\n\n<h3 class=\"wp-block-heading\">Pel\u00b7l\u00edcules ic\u00f2niques amb nines de por<\/h3>\n\n\n\n<ul class=\"wp-block-list\">\n<li><strong>Chucky (Child&#8217;s Play, 1988)<\/strong>: Una joguina posse\u00efa per l&#8217;esperit d&#8217;un assass\u00ed en s\u00e8rie.<\/li>\n\n\n\n<li><strong>Annabelle (2014)<\/strong>: Basada en la hist\u00f2ria real d&#8217;una nina male\u00efa.<\/li>\n\n\n\n<li><strong>Dolly Dearest (1991)<\/strong>: Una altra hist\u00f2ria d&#8217;una nina posse\u00efa amb intencions sinistres.<\/li>\n\n\n\n<li><strong>Dead Silence (2007)<\/strong>: Juga amb la idea de les nines de ventr\u00edloc male\u00efdes.<\/li>\n\n\n\n<li><strong>The Boy (2016)<\/strong>: Un terror psicol\u00f2gic on una nina sembla cobrar vida.<\/li>\n<\/ul>\n\n\n\n<h3 class=\"wp-block-heading\">Per qu\u00e8 funcionen tan b\u00e9 en el cinema de terror?<\/h3>\n\n\n\n<p>Les nines de por compleixen diverses caracter\u00edstiques que les fan perfectes per al cinema de terror:<\/p>\n\n\n\n<ul class=\"wp-block-list\">\n<li><strong>Generen una por subtil per\u00f2 constant<\/strong>: La seva expressi\u00f3 inamovible i la idea que poden moure&#8217;s soles creen un ambient tens.<\/li>\n\n\n\n<li><strong>S\u00f3n un pont entre la innoc\u00e8ncia i el macabre<\/strong>: El que se suposa que \u00e9s un objecte infantil es converteix en una amena\u00e7a.<\/li>\n\n\n\n<li><strong>Exploten f\u00f2bies reals<\/strong>: Moltes persones tenen por als objectes que semblen estar &#8220;mirant&#8221; o que podrien moure&#8217;s en qualsevol moment.<\/li>\n<\/ul>\n\n\n\n<h2 class=\"wp-block-heading\">Imatges impactants<\/h2>\n\n\n\n<p>Per a aquells que gaudeixen de l&#8217;est\u00e8tica aterridora de les nines de por, hi ha una gran quantitat d&#8217;imatges disponibles a la xarxa. Des de fotos de nines antigues i deteriorades fins a figures creades espec\u00edficament per al cinema, les possibilitats s\u00f3n infinites.<\/p>\n\n\n\n<figure class=\"wp-block-image size-full\"><img decoding=\"async\" width=\"860\" height=\"860\" src=\"https:\/\/antiguedadespasquin.com\/wp-content\/uploads\/2025\/02\/image-1.png\" alt=\"\" class=\"wp-image-5892\" srcset=\"https:\/\/antiguedadespasquin.com\/wp-content\/uploads\/2025\/02\/image-1.png 860w, https:\/\/antiguedadespasquin.com\/wp-content\/uploads\/2025\/02\/image-1-300x300.png 300w, https:\/\/antiguedadespasquin.com\/wp-content\/uploads\/2025\/02\/image-1-150x150.png 150w, https:\/\/antiguedadespasquin.com\/wp-content\/uploads\/2025\/02\/image-1-768x768.png 768w, https:\/\/antiguedadespasquin.com\/wp-content\/uploads\/2025\/02\/image-1-440x440.png 440w, https:\/\/antiguedadespasquin.com\/wp-content\/uploads\/2025\/02\/image-1-610x610.png 610w\" sizes=\"(max-width: 860px) 100vw, 860px\" \/><\/figure>\n\n\n\n<h2 class=\"wp-block-heading\">L&#8217;atractiu etern de les nines de por<\/h2>\n\n\n\n<p>Ja sigui com a peces de col\u00b7lecci\u00f3 o protagonistes de pel\u00b7l\u00edcules de terror, les nines de por continuaran causant fascinaci\u00f3 i esgarrifances. La seva barreja de bellesa i horror, hist\u00f2ria i superstici\u00f3, les converteix en objectes \u00fanics que mai deixen de sorprendre. I tu, \u00a1t&#8217;atreviries a tenir-ne una a casa?<\/p>\n\n\n\n<p>Si ets amant del col\u00b7leccionisme de nines antigues i vols explorar una selecci\u00f3 \u00fanica de peces hist\u00f2riques, visita <a href=\"https:\/\/antiguedadespasquin.com\/\">Antig\u00f9etats Pasqu\u00edn<\/a>, on podr\u00e0s trobar veritables joies del passat.<\/p>\n\n\n\n<p><\/p>\n","protected":false},"excerpt":{"rendered":"<p>imatge:https:\/\/ep01.epimg.net\/ Les nines han format part de la cultura humana des de fa segles, per\u00f2 n&#8217;hi ha un tipus en especial que provoca tant fascinaci\u00f3 com terror: les nines de por. Aquestes figures, amb la seva aparen\u00e7a inquietant i el [&hellip;]<\/p>\n","protected":false},"author":3,"featured_media":5873,"comment_status":"open","ping_status":"closed","sticky":false,"template":"","format":"standard","meta":{"_yoast_wpseo_focuskw":"","_yoast_wpseo_title":"","_yoast_wpseo_metadesc":"","footnotes":""},"categories":[37],"tags":[],"class_list":["post-5878","post","type-post","status-publish","format-standard","has-post-thumbnail","hentry","category-sense-categoria"],"yoast_head":"<!-- This site is optimized with the Yoast SEO plugin v24.6 - https:\/\/yoast.com\/wordpress\/plugins\/seo\/ -->\n<title>Nines de por - el Desv\u00e1n de Pedro Pasqu\u00edn<\/title>\n<meta name=\"robots\" content=\"index, follow, max-snippet:-1, max-image-preview:large, max-video-preview:-1\" \/>\n<link rel=\"canonical\" href=\"https:\/\/antiguedadespasquin.com\/ca\/nines-de-por\/\" \/>\n<meta property=\"og:locale\" content=\"ca_ES\" \/>\n<meta property=\"og:type\" content=\"article\" \/>\n<meta property=\"og:title\" content=\"Nines de por - el Desv\u00e1n de Pedro Pasqu\u00edn\" \/>\n<meta property=\"og:description\" content=\"imatge:https:\/\/ep01.epimg.net\/ Les nines han format part de la cultura humana des de fa segles, per\u00f2 n&#8217;hi ha un tipus en especial que provoca tant fascinaci\u00f3 com terror: les nines de por. Aquestes figures, amb la seva aparen\u00e7a inquietant i el [&hellip;]\" \/>\n<meta property=\"og:url\" content=\"https:\/\/antiguedadespasquin.com\/ca\/nines-de-por\/\" \/>\n<meta property=\"og:site_name\" content=\"el Desv\u00e1n de Pedro Pasqu\u00edn\" \/>\n<meta property=\"article:published_time\" content=\"2025-02-03T17:28:51+00:00\" \/>\n<meta property=\"og:image\" content=\"https:\/\/antiguedadespasquin.com\/wp-content\/uploads\/2025\/01\/image-5.png\" \/>\n\t<meta property=\"og:image:width\" content=\"630\" \/>\n\t<meta property=\"og:image:height\" content=\"355\" \/>\n\t<meta property=\"og:image:type\" content=\"image\/png\" \/>\n<meta name=\"author\" content=\"Alberto\" \/>\n<meta name=\"twitter:card\" content=\"summary_large_image\" \/>\n<meta name=\"twitter:label1\" content=\"Escrit per\" \/>\n\t<meta name=\"twitter:data1\" content=\"Alberto\" \/>\n\t<meta name=\"twitter:label2\" content=\"Temps estimat de lectura\" \/>\n\t<meta name=\"twitter:data2\" content=\"5 minuts\" \/>\n<script type=\"application\/ld+json\" class=\"yoast-schema-graph\">{\"@context\":\"https:\/\/schema.org\",\"@graph\":[{\"@type\":\"WebPage\",\"@id\":\"https:\/\/antiguedadespasquin.com\/ca\/nines-de-por\/\",\"url\":\"https:\/\/antiguedadespasquin.com\/ca\/nines-de-por\/\",\"name\":\"Nines de por - el Desv\u00e1n de Pedro Pasqu\u00edn\",\"isPartOf\":{\"@id\":\"https:\/\/antiguedadespasquin.com\/ca\/#website\"},\"primaryImageOfPage\":{\"@id\":\"https:\/\/antiguedadespasquin.com\/ca\/nines-de-por\/#primaryimage\"},\"image\":{\"@id\":\"https:\/\/antiguedadespasquin.com\/ca\/nines-de-por\/#primaryimage\"},\"thumbnailUrl\":\"https:\/\/antiguedadespasquin.com\/wp-content\/uploads\/2025\/01\/image-5.png\",\"datePublished\":\"2025-02-03T17:28:51+00:00\",\"author\":{\"@id\":\"https:\/\/antiguedadespasquin.com\/ca\/#\/schema\/person\/ff496689dddfa85553cb01918beeb183\"},\"breadcrumb\":{\"@id\":\"https:\/\/antiguedadespasquin.com\/ca\/nines-de-por\/#breadcrumb\"},\"inLanguage\":\"ca\",\"potentialAction\":[{\"@type\":\"ReadAction\",\"target\":[\"https:\/\/antiguedadespasquin.com\/ca\/nines-de-por\/\"]}]},{\"@type\":\"ImageObject\",\"inLanguage\":\"ca\",\"@id\":\"https:\/\/antiguedadespasquin.com\/ca\/nines-de-por\/#primaryimage\",\"url\":\"https:\/\/antiguedadespasquin.com\/wp-content\/uploads\/2025\/01\/image-5.png\",\"contentUrl\":\"https:\/\/antiguedadespasquin.com\/wp-content\/uploads\/2025\/01\/image-5.png\",\"width\":630,\"height\":355},{\"@type\":\"BreadcrumbList\",\"@id\":\"https:\/\/antiguedadespasquin.com\/ca\/nines-de-por\/#breadcrumb\",\"itemListElement\":[{\"@type\":\"ListItem\",\"position\":1,\"name\":\"Portada\",\"item\":\"https:\/\/antiguedadespasquin.com\/ca\/\"},{\"@type\":\"ListItem\",\"position\":2,\"name\":\"Nines de por\"}]},{\"@type\":\"WebSite\",\"@id\":\"https:\/\/antiguedadespasquin.com\/ca\/#website\",\"url\":\"https:\/\/antiguedadespasquin.com\/ca\/\",\"name\":\"el Desv\u00e1n de Pedro Pasqu\u00edn\",\"description\":\"\",\"potentialAction\":[{\"@type\":\"SearchAction\",\"target\":{\"@type\":\"EntryPoint\",\"urlTemplate\":\"https:\/\/antiguedadespasquin.com\/ca\/?s={search_term_string}\"},\"query-input\":{\"@type\":\"PropertyValueSpecification\",\"valueRequired\":true,\"valueName\":\"search_term_string\"}}],\"inLanguage\":\"ca\"},{\"@type\":\"Person\",\"@id\":\"https:\/\/antiguedadespasquin.com\/ca\/#\/schema\/person\/ff496689dddfa85553cb01918beeb183\",\"name\":\"Alberto\",\"url\":\"https:\/\/antiguedadespasquin.com\/ca\/author\/alberto\/\"}]}<\/script>\n<!-- \/ Yoast SEO plugin. -->","yoast_head_json":{"title":"Nines de por - el Desv\u00e1n de Pedro Pasqu\u00edn","robots":{"index":"index","follow":"follow","max-snippet":"max-snippet:-1","max-image-preview":"max-image-preview:large","max-video-preview":"max-video-preview:-1"},"canonical":"https:\/\/antiguedadespasquin.com\/ca\/nines-de-por\/","og_locale":"ca_ES","og_type":"article","og_title":"Nines de por - el Desv\u00e1n de Pedro Pasqu\u00edn","og_description":"imatge:https:\/\/ep01.epimg.net\/ Les nines han format part de la cultura humana des de fa segles, per\u00f2 n&#8217;hi ha un tipus en especial que provoca tant fascinaci\u00f3 com terror: les nines de por. Aquestes figures, amb la seva aparen\u00e7a inquietant i el [&hellip;]","og_url":"https:\/\/antiguedadespasquin.com\/ca\/nines-de-por\/","og_site_name":"el Desv\u00e1n de Pedro Pasqu\u00edn","article_published_time":"2025-02-03T17:28:51+00:00","og_image":[{"width":630,"height":355,"url":"https:\/\/antiguedadespasquin.com\/wp-content\/uploads\/2025\/01\/image-5.png","type":"image\/png"}],"author":"Alberto","twitter_card":"summary_large_image","twitter_misc":{"Escrit per":"Alberto","Temps estimat de lectura":"5 minuts"},"schema":{"@context":"https:\/\/schema.org","@graph":[{"@type":"WebPage","@id":"https:\/\/antiguedadespasquin.com\/ca\/nines-de-por\/","url":"https:\/\/antiguedadespasquin.com\/ca\/nines-de-por\/","name":"Nines de por - el Desv\u00e1n de Pedro Pasqu\u00edn","isPartOf":{"@id":"https:\/\/antiguedadespasquin.com\/ca\/#website"},"primaryImageOfPage":{"@id":"https:\/\/antiguedadespasquin.com\/ca\/nines-de-por\/#primaryimage"},"image":{"@id":"https:\/\/antiguedadespasquin.com\/ca\/nines-de-por\/#primaryimage"},"thumbnailUrl":"https:\/\/antiguedadespasquin.com\/wp-content\/uploads\/2025\/01\/image-5.png","datePublished":"2025-02-03T17:28:51+00:00","author":{"@id":"https:\/\/antiguedadespasquin.com\/ca\/#\/schema\/person\/ff496689dddfa85553cb01918beeb183"},"breadcrumb":{"@id":"https:\/\/antiguedadespasquin.com\/ca\/nines-de-por\/#breadcrumb"},"inLanguage":"ca","potentialAction":[{"@type":"ReadAction","target":["https:\/\/antiguedadespasquin.com\/ca\/nines-de-por\/"]}]},{"@type":"ImageObject","inLanguage":"ca","@id":"https:\/\/antiguedadespasquin.com\/ca\/nines-de-por\/#primaryimage","url":"https:\/\/antiguedadespasquin.com\/wp-content\/uploads\/2025\/01\/image-5.png","contentUrl":"https:\/\/antiguedadespasquin.com\/wp-content\/uploads\/2025\/01\/image-5.png","width":630,"height":355},{"@type":"BreadcrumbList","@id":"https:\/\/antiguedadespasquin.com\/ca\/nines-de-por\/#breadcrumb","itemListElement":[{"@type":"ListItem","position":1,"name":"Portada","item":"https:\/\/antiguedadespasquin.com\/ca\/"},{"@type":"ListItem","position":2,"name":"Nines de por"}]},{"@type":"WebSite","@id":"https:\/\/antiguedadespasquin.com\/ca\/#website","url":"https:\/\/antiguedadespasquin.com\/ca\/","name":"el Desv\u00e1n de Pedro Pasqu\u00edn","description":"","potentialAction":[{"@type":"SearchAction","target":{"@type":"EntryPoint","urlTemplate":"https:\/\/antiguedadespasquin.com\/ca\/?s={search_term_string}"},"query-input":{"@type":"PropertyValueSpecification","valueRequired":true,"valueName":"search_term_string"}}],"inLanguage":"ca"},{"@type":"Person","@id":"https:\/\/antiguedadespasquin.com\/ca\/#\/schema\/person\/ff496689dddfa85553cb01918beeb183","name":"Alberto","url":"https:\/\/antiguedadespasquin.com\/ca\/author\/alberto\/"}]}},"_links":{"self":[{"href":"https:\/\/antiguedadespasquin.com\/ca\/wp-json\/wp\/v2\/posts\/5878","targetHints":{"allow":["GET"]}}],"collection":[{"href":"https:\/\/antiguedadespasquin.com\/ca\/wp-json\/wp\/v2\/posts"}],"about":[{"href":"https:\/\/antiguedadespasquin.com\/ca\/wp-json\/wp\/v2\/types\/post"}],"author":[{"embeddable":true,"href":"https:\/\/antiguedadespasquin.com\/ca\/wp-json\/wp\/v2\/users\/3"}],"replies":[{"embeddable":true,"href":"https:\/\/antiguedadespasquin.com\/ca\/wp-json\/wp\/v2\/comments?post=5878"}],"version-history":[{"count":0,"href":"https:\/\/antiguedadespasquin.com\/ca\/wp-json\/wp\/v2\/posts\/5878\/revisions"}],"wp:featuredmedia":[{"embeddable":true,"href":"https:\/\/antiguedadespasquin.com\/ca\/wp-json\/wp\/v2\/media\/5873"}],"wp:attachment":[{"href":"https:\/\/antiguedadespasquin.com\/ca\/wp-json\/wp\/v2\/media?parent=5878"}],"wp:term":[{"taxonomy":"category","embeddable":true,"href":"https:\/\/antiguedadespasquin.com\/ca\/wp-json\/wp\/v2\/categories?post=5878"},{"taxonomy":"post_tag","embeddable":true,"href":"https:\/\/antiguedadespasquin.com\/ca\/wp-json\/wp\/v2\/tags?post=5878"}],"curies":[{"name":"wp","href":"https:\/\/api.w.org\/{rel}","templated":true}]}}