{"id":5858,"date":"2025-01-20T21:02:05","date_gmt":"2025-01-20T19:02:05","guid":{"rendered":"https:\/\/antiguedadespasquin.com\/?p=5858"},"modified":"2025-01-20T21:02:07","modified_gmt":"2025-01-20T19:02:07","slug":"guia-per-cuidar-i-conservar-mobles-antics-de-fusta","status":"publish","type":"post","link":"https:\/\/antiguedadespasquin.com\/ca\/guia-per-cuidar-i-conservar-mobles-antics-de-fusta\/","title":{"rendered":"Guia per Cuidar i Conservar Mobles Antics de Fusta"},"content":{"rendered":"<div class=\"wp-block-image\">\n<figure class=\"aligncenter size-full\"><img fetchpriority=\"high\" decoding=\"async\" width=\"256\" height=\"256\" src=\"https:\/\/antiguedadespasquin.com\/wp-content\/uploads\/2021\/05\/2mobiliario.jpeg\" alt=\"\" class=\"wp-image-3534\" srcset=\"https:\/\/antiguedadespasquin.com\/wp-content\/uploads\/2021\/05\/2mobiliario.jpeg 256w, https:\/\/antiguedadespasquin.com\/wp-content\/uploads\/2021\/05\/2mobiliario-150x150.jpeg 150w, https:\/\/antiguedadespasquin.com\/wp-content\/uploads\/2021\/05\/2mobiliario-100x100.jpeg 100w\" sizes=\"(max-width: 256px) 100vw, 256px\" \/><\/figure>\n<\/div>\n\n\n<p>Els mobles antics de fusta no s\u00f3n nom\u00e9s peces de gran valor est\u00e8tic, sin\u00f3 tamb\u00e9 fragments d&#8217;hist\u00f2ria que mereixen ser preservats. Amb el temps, aquests mobles poden patir danys a causa de factors ambientals, l\u2019\u00fas constant o m\u00e8todes inadequats de manteniment. Aquesta guia completa t\u2019ofereix els millors consells i t\u00e8cniques per cuidar i conservar els teus mobles antics de fusta, assegurant que mantinguin la seva bellesa i funcionalitat durant generacions.<\/p>\n\n\n\n<h4 class=\"wp-block-heading\">Import\u00e0ncia de Conservar Mobles Antics de Fusta<\/h4>\n\n\n\n<p>Els mobles antics representen her\u00e8ncies familiars, obres d\u2019art o peces \u00faniques amb gran valor hist\u00f2ric i econ\u00f2mic. Conservar-los adequadament ajuda a preservar-ne la integritat estructural i est\u00e8tica, i tamb\u00e9 contribueix a mantenir-ne o augmentar-ne el valor amb el temps. Un moble ben cuidat pot, fins i tot, revaloritzar-se.<\/p>\n\n\n\n<h5 class=\"wp-block-heading\">Beneficis de la conservaci\u00f3:<\/h5>\n\n\n\n<ul class=\"wp-block-list\">\n<li>Preservaci\u00f3 del valor hist\u00f2ric i econ\u00f2mic.<\/li>\n\n\n\n<li>Estabilitat estructural prolongada.<\/li>\n\n\n\n<li>Millora de l\u2019est\u00e8tica i l\u2019acabat natural de la fusta.<\/li>\n\n\n\n<li>Prevenci\u00f3 de plagues i deteriorament per factors ambientals.<\/li>\n<\/ul>\n\n\n\n<h4 class=\"wp-block-heading\">Factors que Afecten els Mobles Antics de Fusta<\/h4>\n\n\n\n<h5 class=\"wp-block-heading\">1. <strong>Condicions ambientals<\/strong><\/h5>\n\n\n\n<p>La fusta \u00e9s un material org\u00e0nic sensible als canvis de temperatura i humitat. Les fluctuacions poden provocar esquerdes, deformacions o, fins i tot, trencaments.<\/p>\n\n\n\n<h5 class=\"wp-block-heading\">2. <strong>Exposici\u00f3 a la llum solar<\/strong><\/h5>\n\n\n\n<p>La llum solar directa pot descolorir la fusta i deteriorar els acabats, deixant-la fr\u00e0gil i desgastada.<\/p>\n\n\n\n<h5 class=\"wp-block-heading\">3. <strong>Plagues i fongs<\/strong><\/h5>\n\n\n\n<p>Les t\u00e8rmits, carcomas i altres insectes xil\u00f2fags s\u00f3n amenaces comunes. A m\u00e9s, la humitat excessiva pot afavorir l\u2019aparici\u00f3 de floridura i fongs.<\/p>\n\n\n\n<h5 class=\"wp-block-heading\">4. <strong>\u00das inadequat<\/strong><\/h5>\n\n\n\n<p>L\u2019\u00fas diari sense cures adequades pot provocar esgarrapades, cops i desgast en la superf\u00edcie dels mobles.<\/p>\n\n\n\n<h4 class=\"wp-block-heading\">Consells per al Cuidat i Conservaci\u00f3 de Mobles de Fusta<\/h4>\n\n\n\n<h5 class=\"wp-block-heading\"><strong>1. Control d\u2019humitat i temperatura<\/strong><\/h5>\n\n\n\n<ul class=\"wp-block-list\">\n<li>Mantingues els mobles en un ambient amb humitat controlada (entre el 40% i el 60%) i temperatures estables.<\/li>\n\n\n\n<li>Evita col\u00b7locar els mobles a prop de radiadors, xemeneies o aparells d\u2019aire condicionat.<\/li>\n<\/ul>\n\n\n\n<h5 class=\"wp-block-heading\"><strong>2. Protecci\u00f3 contra la llum solar<\/strong><\/h5>\n\n\n\n<ul class=\"wp-block-list\">\n<li>Col\u00b7loca els mobles lluny de finestres amb llum solar directa.<\/li>\n\n\n\n<li>Utilitza cortines o persianes per filtrar la llum i protegir la fusta de la descoloraci\u00f3.<\/li>\n<\/ul>\n\n\n\n<h5 class=\"wp-block-heading\"><strong>3. Neteja regular i adequada<\/strong><\/h5>\n\n\n\n<ul class=\"wp-block-list\">\n<li><strong>\u00das de draps suaus i secs<\/strong>: Neteja el pols amb un drap de microfibra per evitar esgarrapades.<\/li>\n\n\n\n<li><strong>Evita productes agressius<\/strong>: No facis servir netejadors qu\u00edmics ni abrasius. Opta per productes espec\u00edfics per a fusta.<\/li>\n\n\n\n<li><strong>Hidrataci\u00f3 peri\u00f2dica<\/strong>: Aplica ceres naturals o olis per nodrir la fusta i mantenir-ne el brillantor.<\/li>\n<\/ul>\n\n\n\n<h5 class=\"wp-block-heading\"><strong>4. Prevenci\u00f3 de plagues<\/strong><\/h5>\n\n\n\n<ul class=\"wp-block-list\">\n<li><strong>Inspecci\u00f3 peri\u00f2dica<\/strong>: Revisa els mobles per detectar forats, pols fi o sons buits, indicis de carcoma o t\u00e8rmits.<\/li>\n\n\n\n<li><strong>Tractaments preventius<\/strong>: Aplica productes anti-xil\u00f2fags per prevenir infestacions.<\/li>\n\n\n\n<li><strong>Control d\u2019humitat<\/strong>: Evita entorns humits que afavoreixen l\u2019aparici\u00f3 de fongs.<\/li>\n<\/ul>\n\n\n\n<h5 class=\"wp-block-heading\"><strong>5. \u00das de protectors<\/strong><\/h5>\n\n\n\n<ul class=\"wp-block-list\">\n<li><strong>Estovalles i posagots<\/strong>: Protegeix la superf\u00edcie de taques i cremades.<\/li>\n\n\n\n<li><strong>Feltres en bases<\/strong>: Col\u00b7loca protectors de feltre a les potes per evitar esgarrapades al moure\u2019ls.<\/li>\n<\/ul>\n\n\n\n<h5 class=\"wp-block-heading\"><strong>6. Evitar moviments bruscos<\/strong><\/h5>\n\n\n\n<p>Quan moguis un moble antic, fes-ho amb cura. Desmunta les parts m\u00f2bils (calaixos, portes) per reduir el pes i evitar tensions que puguin danyar l\u2019estructura.<\/p>\n\n\n\n<h4 class=\"wp-block-heading\">Restauraci\u00f3 vs. Conservaci\u00f3: Qu\u00e8 Escollir?<\/h4>\n\n\n\n<h5 class=\"wp-block-heading\"><strong>Conservaci\u00f3<\/strong><\/h5>\n\n\n\n<p>Consisteix en el manteniment preventiu i correctiu per preservar l\u2019estat original del moble. Les intervencions s\u00f3n m\u00ednimes i reversibles.<\/p>\n\n\n\n<h5 class=\"wp-block-heading\"><strong>Restauraci\u00f3<\/strong><\/h5>\n\n\n\n<p>Busca retornar al moble la seva aparen\u00e7a original, fins i tot substituint peces danyades. Tot i que millora l\u2019est\u00e8tica, pot alterar-ne l\u2019autenticitat si no es fa correctament.<\/p>\n\n\n\n<h5 class=\"wp-block-heading\"><strong>Quina \u00e9s la millor opci\u00f3?<\/strong><\/h5>\n\n\n\n<p>Per mobles de gran valor hist\u00f2ric o sentimental, la conservaci\u00f3 \u00e9s preferible. La restauraci\u00f3 s\u2019ha de fer nom\u00e9s si \u00e9s imprescindible i per mans expertes.<\/p>\n\n\n\n<h4 class=\"wp-block-heading\">Errors Comuns en el Cuidat de Mobles Antics<\/h4>\n\n\n\n<ul class=\"wp-block-list\">\n<li><strong>\u00das de productes qu\u00edmics agressius<\/strong>: Poden danyar l\u2019acabat i la fusta.<\/li>\n\n\n\n<li><strong>Aplicar massa cera o oli<\/strong>: L\u2019exc\u00e9s pot acumular pols i opacar la superf\u00edcie.<\/li>\n\n\n\n<li><strong>Exposar-los a canvis bruscos de temperatura<\/strong>: Afecta l\u2019estabilitat de la fusta.<\/li>\n\n\n\n<li><strong>Intentar reparacions sense experi\u00e8ncia<\/strong>: Pot agreujar el dany existent.<\/li>\n<\/ul>\n\n\n\n<h4 class=\"wp-block-heading\">Tractaments Casolans per a la Conservaci\u00f3 de la Fusta<\/h4>\n\n\n\n<h5 class=\"wp-block-heading\">1. <strong>Oli de llinosa<\/strong><\/h5>\n\n\n\n<p>Nutreix la fusta i en real\u00e7a el color natural. Aplica\u2019l amb un drap suau i retira l\u2019exc\u00e9s.<\/p>\n\n\n\n<h5 class=\"wp-block-heading\">2. <strong>Cera d\u2019abella<\/strong><\/h5>\n\n\n\n<p>Protegeix i aporta brillantor a la fusta. Es recomana aplicar-la cada 6 mesos.<\/p>\n\n\n\n<h5 class=\"wp-block-heading\">3. <strong>Vinagre i oli d\u2019oliva<\/strong><\/h5>\n\n\n\n<p>Barreja ambd\u00f3s ingredients a parts iguals per netejar taques i retornar el brillantor. Aplica-ho amb un drap suau.<\/p>\n\n\n\n<h4 class=\"wp-block-heading\">Cures Especials Segons el Tipus de Moble<\/h4>\n\n\n\n<ul class=\"wp-block-list\">\n<li><strong>Mobles envernissats<\/strong>: Fes servir productes espec\u00edfics per al vern\u00eds i evita la humitat directa.<\/li>\n\n\n\n<li><strong>Mobles lacats<\/strong>: Neteja amb draps humits suaus i evita productes abrasius.<\/li>\n\n\n\n<li><strong>Mobles de fusta natural<\/strong>: Necessiten hidrataci\u00f3 constant amb olis o ceres naturals.<\/li>\n<\/ul>\n\n\n\n<h3 class=\"wp-block-heading\">Conclusi\u00f3<\/h3>\n\n\n\n<p>Cuidar i conservar els mobles antics de fusta \u00e9s una tasca que requereix paci\u00e8ncia i dedicaci\u00f3. Un manteniment adequat no nom\u00e9s preserva el seu valor est\u00e8tic i econ\u00f2mic, sin\u00f3 que tamb\u00e9 permet gaudir de peces \u00faniques i plenes d\u2019hist\u00f2ria. Aplicant els consells d\u2019aquesta guia, garantir\u00e0s que els teus mobles antics continu\u00efn sent protagonistes a la decoraci\u00f3 de la teva llar durant molts anys.<\/p>\n\n\n\n<p>La clau est\u00e0 en la prevenci\u00f3 i el cuidat constant. Amb h\u00e0bits adequats i tractaments peri\u00f2dics, \u00e9s possible conservar la bellesa i la funcionalitat d\u2019aquestes joies del mobiliari. Comen\u00e7a avui mateix a protegir els teus mobles antics i mantingues viu el seu llegat!<\/p>\n","protected":false},"excerpt":{"rendered":"<p>Els mobles antics de fusta no s\u00f3n nom\u00e9s peces de gran valor est\u00e8tic, sin\u00f3 tamb\u00e9 fragments d&#8217;hist\u00f2ria que mereixen ser preservats. Amb el temps, aquests mobles poden patir danys a causa de factors ambientals, l\u2019\u00fas constant o m\u00e8todes inadequats de [&hellip;]<\/p>\n","protected":false},"author":3,"featured_media":4531,"comment_status":"open","ping_status":"closed","sticky":false,"template":"","format":"standard","meta":{"_yoast_wpseo_focuskw":"","_yoast_wpseo_title":"","_yoast_wpseo_metadesc":"","footnotes":""},"categories":[37],"tags":[],"class_list":["post-5858","post","type-post","status-publish","format-standard","has-post-thumbnail","hentry","category-sense-categoria"],"yoast_head":"<!-- This site is optimized with the Yoast SEO plugin v24.6 - https:\/\/yoast.com\/wordpress\/plugins\/seo\/ -->\n<title>Guia per Cuidar i Conservar Mobles Antics de Fusta - el Desv\u00e1n de Pedro Pasqu\u00edn<\/title>\n<meta name=\"robots\" content=\"index, follow, max-snippet:-1, max-image-preview:large, max-video-preview:-1\" \/>\n<link rel=\"canonical\" href=\"https:\/\/antiguedadespasquin.com\/ca\/guia-per-cuidar-i-conservar-mobles-antics-de-fusta\/\" \/>\n<meta property=\"og:locale\" content=\"ca_ES\" \/>\n<meta property=\"og:type\" content=\"article\" \/>\n<meta property=\"og:title\" content=\"Guia per Cuidar i Conservar Mobles Antics de Fusta - el Desv\u00e1n de Pedro Pasqu\u00edn\" \/>\n<meta property=\"og:description\" content=\"Els mobles antics de fusta no s\u00f3n nom\u00e9s peces de gran valor est\u00e8tic, sin\u00f3 tamb\u00e9 fragments d&#8217;hist\u00f2ria que mereixen ser preservats. Amb el temps, aquests mobles poden patir danys a causa de factors ambientals, l\u2019\u00fas constant o m\u00e8todes inadequats de [&hellip;]\" \/>\n<meta property=\"og:url\" content=\"https:\/\/antiguedadespasquin.com\/ca\/guia-per-cuidar-i-conservar-mobles-antics-de-fusta\/\" \/>\n<meta property=\"og:site_name\" content=\"el Desv\u00e1n de Pedro Pasqu\u00edn\" \/>\n<meta property=\"article:published_time\" content=\"2025-01-20T19:02:05+00:00\" \/>\n<meta property=\"article:modified_time\" content=\"2025-01-20T19:02:07+00:00\" \/>\n<meta property=\"og:image\" content=\"https:\/\/antiguedadespasquin.com\/wp-content\/uploads\/2021\/05\/1mobiliario2-scaled.jpg\" \/>\n\t<meta property=\"og:image:width\" content=\"2560\" \/>\n\t<meta property=\"og:image:height\" content=\"1920\" \/>\n\t<meta property=\"og:image:type\" content=\"image\/jpeg\" \/>\n<meta name=\"author\" content=\"Alberto\" \/>\n<meta name=\"twitter:card\" content=\"summary_large_image\" \/>\n<meta name=\"twitter:label1\" content=\"Escrit per\" \/>\n\t<meta name=\"twitter:data1\" content=\"Alberto\" \/>\n\t<meta name=\"twitter:label2\" content=\"Temps estimat de lectura\" \/>\n\t<meta name=\"twitter:data2\" content=\"5 minuts\" \/>\n<script type=\"application\/ld+json\" class=\"yoast-schema-graph\">{\"@context\":\"https:\/\/schema.org\",\"@graph\":[{\"@type\":\"WebPage\",\"@id\":\"https:\/\/antiguedadespasquin.com\/ca\/guia-per-cuidar-i-conservar-mobles-antics-de-fusta\/\",\"url\":\"https:\/\/antiguedadespasquin.com\/ca\/guia-per-cuidar-i-conservar-mobles-antics-de-fusta\/\",\"name\":\"Guia per Cuidar i Conservar Mobles Antics de Fusta - el Desv\u00e1n de Pedro Pasqu\u00edn\",\"isPartOf\":{\"@id\":\"https:\/\/antiguedadespasquin.com\/ca\/#website\"},\"primaryImageOfPage\":{\"@id\":\"https:\/\/antiguedadespasquin.com\/ca\/guia-per-cuidar-i-conservar-mobles-antics-de-fusta\/#primaryimage\"},\"image\":{\"@id\":\"https:\/\/antiguedadespasquin.com\/ca\/guia-per-cuidar-i-conservar-mobles-antics-de-fusta\/#primaryimage\"},\"thumbnailUrl\":\"https:\/\/antiguedadespasquin.com\/wp-content\/uploads\/2021\/05\/1mobiliario2-scaled.jpg\",\"datePublished\":\"2025-01-20T19:02:05+00:00\",\"dateModified\":\"2025-01-20T19:02:07+00:00\",\"author\":{\"@id\":\"https:\/\/antiguedadespasquin.com\/ca\/#\/schema\/person\/ff496689dddfa85553cb01918beeb183\"},\"breadcrumb\":{\"@id\":\"https:\/\/antiguedadespasquin.com\/ca\/guia-per-cuidar-i-conservar-mobles-antics-de-fusta\/#breadcrumb\"},\"inLanguage\":\"ca\",\"potentialAction\":[{\"@type\":\"ReadAction\",\"target\":[\"https:\/\/antiguedadespasquin.com\/ca\/guia-per-cuidar-i-conservar-mobles-antics-de-fusta\/\"]}]},{\"@type\":\"ImageObject\",\"inLanguage\":\"ca\",\"@id\":\"https:\/\/antiguedadespasquin.com\/ca\/guia-per-cuidar-i-conservar-mobles-antics-de-fusta\/#primaryimage\",\"url\":\"https:\/\/antiguedadespasquin.com\/wp-content\/uploads\/2021\/05\/1mobiliario2-scaled.jpg\",\"contentUrl\":\"https:\/\/antiguedadespasquin.com\/wp-content\/uploads\/2021\/05\/1mobiliario2-scaled.jpg\",\"width\":2560,\"height\":1920},{\"@type\":\"BreadcrumbList\",\"@id\":\"https:\/\/antiguedadespasquin.com\/ca\/guia-per-cuidar-i-conservar-mobles-antics-de-fusta\/#breadcrumb\",\"itemListElement\":[{\"@type\":\"ListItem\",\"position\":1,\"name\":\"Portada\",\"item\":\"https:\/\/antiguedadespasquin.com\/ca\/\"},{\"@type\":\"ListItem\",\"position\":2,\"name\":\"Guia per Cuidar i Conservar Mobles Antics de Fusta\"}]},{\"@type\":\"WebSite\",\"@id\":\"https:\/\/antiguedadespasquin.com\/ca\/#website\",\"url\":\"https:\/\/antiguedadespasquin.com\/ca\/\",\"name\":\"el Desv\u00e1n de Pedro Pasqu\u00edn\",\"description\":\"\",\"potentialAction\":[{\"@type\":\"SearchAction\",\"target\":{\"@type\":\"EntryPoint\",\"urlTemplate\":\"https:\/\/antiguedadespasquin.com\/ca\/?s={search_term_string}\"},\"query-input\":{\"@type\":\"PropertyValueSpecification\",\"valueRequired\":true,\"valueName\":\"search_term_string\"}}],\"inLanguage\":\"ca\"},{\"@type\":\"Person\",\"@id\":\"https:\/\/antiguedadespasquin.com\/ca\/#\/schema\/person\/ff496689dddfa85553cb01918beeb183\",\"name\":\"Alberto\",\"url\":\"https:\/\/antiguedadespasquin.com\/ca\/author\/alberto\/\"}]}<\/script>\n<!-- \/ Yoast SEO plugin. -->","yoast_head_json":{"title":"Guia per Cuidar i Conservar Mobles Antics de Fusta - el Desv\u00e1n de Pedro Pasqu\u00edn","robots":{"index":"index","follow":"follow","max-snippet":"max-snippet:-1","max-image-preview":"max-image-preview:large","max-video-preview":"max-video-preview:-1"},"canonical":"https:\/\/antiguedadespasquin.com\/ca\/guia-per-cuidar-i-conservar-mobles-antics-de-fusta\/","og_locale":"ca_ES","og_type":"article","og_title":"Guia per Cuidar i Conservar Mobles Antics de Fusta - el Desv\u00e1n de Pedro Pasqu\u00edn","og_description":"Els mobles antics de fusta no s\u00f3n nom\u00e9s peces de gran valor est\u00e8tic, sin\u00f3 tamb\u00e9 fragments d&#8217;hist\u00f2ria que mereixen ser preservats. Amb el temps, aquests mobles poden patir danys a causa de factors ambientals, l\u2019\u00fas constant o m\u00e8todes inadequats de [&hellip;]","og_url":"https:\/\/antiguedadespasquin.com\/ca\/guia-per-cuidar-i-conservar-mobles-antics-de-fusta\/","og_site_name":"el Desv\u00e1n de Pedro Pasqu\u00edn","article_published_time":"2025-01-20T19:02:05+00:00","article_modified_time":"2025-01-20T19:02:07+00:00","og_image":[{"width":2560,"height":1920,"url":"https:\/\/antiguedadespasquin.com\/wp-content\/uploads\/2021\/05\/1mobiliario2-scaled.jpg","type":"image\/jpeg"}],"author":"Alberto","twitter_card":"summary_large_image","twitter_misc":{"Escrit per":"Alberto","Temps estimat de lectura":"5 minuts"},"schema":{"@context":"https:\/\/schema.org","@graph":[{"@type":"WebPage","@id":"https:\/\/antiguedadespasquin.com\/ca\/guia-per-cuidar-i-conservar-mobles-antics-de-fusta\/","url":"https:\/\/antiguedadespasquin.com\/ca\/guia-per-cuidar-i-conservar-mobles-antics-de-fusta\/","name":"Guia per Cuidar i Conservar Mobles Antics de Fusta - el Desv\u00e1n de Pedro Pasqu\u00edn","isPartOf":{"@id":"https:\/\/antiguedadespasquin.com\/ca\/#website"},"primaryImageOfPage":{"@id":"https:\/\/antiguedadespasquin.com\/ca\/guia-per-cuidar-i-conservar-mobles-antics-de-fusta\/#primaryimage"},"image":{"@id":"https:\/\/antiguedadespasquin.com\/ca\/guia-per-cuidar-i-conservar-mobles-antics-de-fusta\/#primaryimage"},"thumbnailUrl":"https:\/\/antiguedadespasquin.com\/wp-content\/uploads\/2021\/05\/1mobiliario2-scaled.jpg","datePublished":"2025-01-20T19:02:05+00:00","dateModified":"2025-01-20T19:02:07+00:00","author":{"@id":"https:\/\/antiguedadespasquin.com\/ca\/#\/schema\/person\/ff496689dddfa85553cb01918beeb183"},"breadcrumb":{"@id":"https:\/\/antiguedadespasquin.com\/ca\/guia-per-cuidar-i-conservar-mobles-antics-de-fusta\/#breadcrumb"},"inLanguage":"ca","potentialAction":[{"@type":"ReadAction","target":["https:\/\/antiguedadespasquin.com\/ca\/guia-per-cuidar-i-conservar-mobles-antics-de-fusta\/"]}]},{"@type":"ImageObject","inLanguage":"ca","@id":"https:\/\/antiguedadespasquin.com\/ca\/guia-per-cuidar-i-conservar-mobles-antics-de-fusta\/#primaryimage","url":"https:\/\/antiguedadespasquin.com\/wp-content\/uploads\/2021\/05\/1mobiliario2-scaled.jpg","contentUrl":"https:\/\/antiguedadespasquin.com\/wp-content\/uploads\/2021\/05\/1mobiliario2-scaled.jpg","width":2560,"height":1920},{"@type":"BreadcrumbList","@id":"https:\/\/antiguedadespasquin.com\/ca\/guia-per-cuidar-i-conservar-mobles-antics-de-fusta\/#breadcrumb","itemListElement":[{"@type":"ListItem","position":1,"name":"Portada","item":"https:\/\/antiguedadespasquin.com\/ca\/"},{"@type":"ListItem","position":2,"name":"Guia per Cuidar i Conservar Mobles Antics de Fusta"}]},{"@type":"WebSite","@id":"https:\/\/antiguedadespasquin.com\/ca\/#website","url":"https:\/\/antiguedadespasquin.com\/ca\/","name":"el Desv\u00e1n de Pedro Pasqu\u00edn","description":"","potentialAction":[{"@type":"SearchAction","target":{"@type":"EntryPoint","urlTemplate":"https:\/\/antiguedadespasquin.com\/ca\/?s={search_term_string}"},"query-input":{"@type":"PropertyValueSpecification","valueRequired":true,"valueName":"search_term_string"}}],"inLanguage":"ca"},{"@type":"Person","@id":"https:\/\/antiguedadespasquin.com\/ca\/#\/schema\/person\/ff496689dddfa85553cb01918beeb183","name":"Alberto","url":"https:\/\/antiguedadespasquin.com\/ca\/author\/alberto\/"}]}},"_links":{"self":[{"href":"https:\/\/antiguedadespasquin.com\/ca\/wp-json\/wp\/v2\/posts\/5858","targetHints":{"allow":["GET"]}}],"collection":[{"href":"https:\/\/antiguedadespasquin.com\/ca\/wp-json\/wp\/v2\/posts"}],"about":[{"href":"https:\/\/antiguedadespasquin.com\/ca\/wp-json\/wp\/v2\/types\/post"}],"author":[{"embeddable":true,"href":"https:\/\/antiguedadespasquin.com\/ca\/wp-json\/wp\/v2\/users\/3"}],"replies":[{"embeddable":true,"href":"https:\/\/antiguedadespasquin.com\/ca\/wp-json\/wp\/v2\/comments?post=5858"}],"version-history":[{"count":0,"href":"https:\/\/antiguedadespasquin.com\/ca\/wp-json\/wp\/v2\/posts\/5858\/revisions"}],"wp:featuredmedia":[{"embeddable":true,"href":"https:\/\/antiguedadespasquin.com\/ca\/wp-json\/wp\/v2\/media\/4531"}],"wp:attachment":[{"href":"https:\/\/antiguedadespasquin.com\/ca\/wp-json\/wp\/v2\/media?parent=5858"}],"wp:term":[{"taxonomy":"category","embeddable":true,"href":"https:\/\/antiguedadespasquin.com\/ca\/wp-json\/wp\/v2\/categories?post=5858"},{"taxonomy":"post_tag","embeddable":true,"href":"https:\/\/antiguedadespasquin.com\/ca\/wp-json\/wp\/v2\/tags?post=5858"}],"curies":[{"name":"wp","href":"https:\/\/api.w.org\/{rel}","templated":true}]}}