{"id":5856,"date":"2025-01-20T20:57:25","date_gmt":"2025-01-20T18:57:25","guid":{"rendered":"https:\/\/antiguedadespasquin.com\/?p=5856"},"modified":"2025-01-20T20:57:26","modified_gmt":"2025-01-20T18:57:26","slug":"guia-definitiva-per-colleccionar-espases-medievals-tipus-i-cures","status":"publish","type":"post","link":"https:\/\/antiguedadespasquin.com\/ca\/guia-definitiva-per-colleccionar-espases-medievals-tipus-i-cures\/","title":{"rendered":"Guia Definitiva per Col\u00b7leccionar Espases Medievals: Tipus i Cures"},"content":{"rendered":"\n<figure class=\"wp-block-image size-large\"><img fetchpriority=\"high\" decoding=\"async\" width=\"1024\" height=\"768\" src=\"https:\/\/antiguedadespasquin.com\/wp-content\/uploads\/2021\/05\/9ceramica2-1024x768.jpg\" alt=\"\" class=\"wp-image-3713\" srcset=\"https:\/\/antiguedadespasquin.com\/wp-content\/uploads\/2021\/05\/9ceramica2-1024x768.jpg 1024w, https:\/\/antiguedadespasquin.com\/wp-content\/uploads\/2021\/05\/9ceramica2-300x225.jpg 300w, https:\/\/antiguedadespasquin.com\/wp-content\/uploads\/2021\/05\/9ceramica2-768x576.jpg 768w, https:\/\/antiguedadespasquin.com\/wp-content\/uploads\/2021\/05\/9ceramica2-440x330.jpg 440w, https:\/\/antiguedadespasquin.com\/wp-content\/uploads\/2021\/05\/9ceramica2-600x450.jpg 600w, https:\/\/antiguedadespasquin.com\/wp-content\/uploads\/2021\/05\/9ceramica2.jpg 1500w\" sizes=\"(max-width: 1024px) 100vw, 1024px\" \/><\/figure>\n\n\n\n<p>El col\u00b7leccionisme d\u2019espases medievals \u00e9s una afici\u00f3 que combina hist\u00f2ria, art i passi\u00f3 per les armes antigues. Aquestes peces, carregades de simbolisme i tradici\u00f3, s\u00f3n testimonis del llegat cultural i militar de l\u2019Edat Mitjana. Si est\u00e0s interessat a endinsar-te en aquest fascinant m\u00f3n, aquesta guia et proporcionar\u00e0 informaci\u00f3 essencial sobre els tipus d\u2019espases medievals i com cuidar-les adequadament.<\/p>\n\n\n\n<h4 class=\"wp-block-heading\">Tipus d\u2019espases medievals<\/h4>\n\n\n\n<p>Les espases medievals es poden classificar segons el seu disseny, funcionalitat i \u00e8poca hist\u00f2rica. A continuaci\u00f3, et presentem alguns dels tipus m\u00e9s representatius:<\/p>\n\n\n\n<h5 class=\"wp-block-heading\">1. <strong>Espasa d\u2019una m\u00e0<\/strong><\/h5>\n\n\n\n<ul class=\"wp-block-list\">\n<li><strong>\u00das<\/strong>: Dissenyada per ser manejada amb una sola m\u00e0, permetent l\u2019\u00fas d\u2019un escut a l\u2019altra.<\/li>\n\n\n\n<li><strong>Caracter\u00edstiques<\/strong>:\n<ul class=\"wp-block-list\">\n<li>Fulla recta i de doble tall.<\/li>\n\n\n\n<li>Longitud mitjana de 70 a 100 cm.<\/li>\n\n\n\n<li>Popular durant els segles X al XIII.<\/li>\n<\/ul>\n<\/li>\n<\/ul>\n\n\n\n<h5 class=\"wp-block-heading\">2. <strong>Espasa llarga o mandoble<\/strong><\/h5>\n\n\n\n<ul class=\"wp-block-list\">\n<li><strong>\u00das<\/strong>: Pensada per a combats cos a cos i brandant-la amb totes dues mans.<\/li>\n\n\n\n<li><strong>Caracter\u00edstiques<\/strong>:\n<ul class=\"wp-block-list\">\n<li>Fulla llarga i ampla, ideal per a talls potents.<\/li>\n\n\n\n<li>Longitud mitjana de 120 a 150 cm.<\/li>\n\n\n\n<li>Comuna als segles XIV i XV.<\/li>\n<\/ul>\n<\/li>\n<\/ul>\n\n\n\n<h5 class=\"wp-block-heading\">3. <strong>Espasa bastarda<\/strong><\/h5>\n\n\n\n<ul class=\"wp-block-list\">\n<li><strong>\u00das<\/strong>: Coneguda com la &#8220;espasa de m\u00e0 i mitja&#8221;, permet ser usada amb una o amb dues mans segons la situaci\u00f3.<\/li>\n\n\n\n<li><strong>Caracter\u00edstiques<\/strong>:\n<ul class=\"wp-block-list\">\n<li>Vers\u00e0til i equilibrada.<\/li>\n\n\n\n<li>Longitud de 100 a 120 cm.<\/li>\n\n\n\n<li>Utilitzada als segles XIV i XV.<\/li>\n<\/ul>\n<\/li>\n<\/ul>\n\n\n\n<h5 class=\"wp-block-heading\">4. <strong>Espasa ropera<\/strong><\/h5>\n\n\n\n<ul class=\"wp-block-list\">\n<li><strong>\u00das<\/strong>: Dissenyada per al combat i la defensa personal en duels.<\/li>\n\n\n\n<li><strong>Caracter\u00edstiques<\/strong>:\n<ul class=\"wp-block-list\">\n<li>Fulla m\u00e9s prima i lleugera, enfocada en estocades.<\/li>\n\n\n\n<li>Guardes i empunyadures elaborades i ornamentals.<\/li>\n\n\n\n<li>Popular a l\u2019Espanya renaixentista.<\/li>\n<\/ul>\n<\/li>\n<\/ul>\n\n\n\n<h5 class=\"wp-block-heading\">5. <strong>Espases espanyoles emblem\u00e0tiques<\/strong><\/h5>\n\n\n\n<p>Espanya va ser un referent en la fabricaci\u00f3 d\u2019espases d\u2019alta qualitat. Destaquen:<\/p>\n\n\n\n<ul class=\"wp-block-list\">\n<li><strong>Espasa Tizona del Cid<\/strong>:\n<ul class=\"wp-block-list\">\n<li>Associada al llegendari Rodrigo D\u00edaz de Vivar, el Cid Campeador.<\/li>\n\n\n\n<li>Un s\u00edmbol d\u2019honor i valentia.<\/li>\n<\/ul>\n<\/li>\n\n\n\n<li><strong>Espasa de Toledo<\/strong>:\n<ul class=\"wp-block-list\">\n<li>Reconeguda per l\u2019acer excepcional i el seu disseny elaborat.<\/li>\n\n\n\n<li>Molt apreciada tant a Europa com a Orient.<\/li>\n<\/ul>\n<\/li>\n<\/ul>\n\n\n\n<h4 class=\"wp-block-heading\">Com cuidar les teves espases medievals<\/h4>\n\n\n\n<p>El manteniment adequat de les espases medievals garantir\u00e0 la seva conservaci\u00f3 i bellesa al llarg del temps. Segueix aquests consells:<\/p>\n\n\n\n<h5 class=\"wp-block-heading\"><strong>Neteja i manteniment<\/strong><\/h5>\n\n\n\n<ul class=\"wp-block-list\">\n<li><strong>Neteja regular<\/strong>:\n<ul class=\"wp-block-list\">\n<li>Utilitza un drap suau per eliminar el pols i les empremtes.<\/li>\n\n\n\n<li>Aplica un oli protector per evitar l\u2019oxidaci\u00f3, especialment a les fulles d\u2019acer al carboni.<\/li>\n<\/ul>\n<\/li>\n\n\n\n<li><strong>Evita la humitat<\/strong>:\n<ul class=\"wp-block-list\">\n<li>Emmagatzema les espases en un lloc sec i ventilat.<\/li>\n\n\n\n<li>Fes servir dessecants a les vitrines per controlar la humitat.<\/li>\n<\/ul>\n<\/li>\n\n\n\n<li><strong>Revisi\u00f3 peri\u00f2dica<\/strong>:\n<ul class=\"wp-block-list\">\n<li>Inspecciona la fulla, empunyadura i beina per detectar possibles danys.<\/li>\n\n\n\n<li>Repara qualsevol signe de deteriorament immediatament.<\/li>\n<\/ul>\n<\/li>\n<\/ul>\n\n\n\n<h5 class=\"wp-block-heading\"><strong>Emmagatzematge segur<\/strong><\/h5>\n\n\n\n<ul class=\"wp-block-list\">\n<li><strong>Suports adequats<\/strong>:\n<ul class=\"wp-block-list\">\n<li>Utilitza prestatges o vitrines que mantinguin les espases estables i protegides.<\/li>\n\n\n\n<li>Evita el contacte directe amb superf\u00edcies dures o abrasives.<\/li>\n<\/ul>\n<\/li>\n\n\n\n<li><strong>Exposici\u00f3 limitada<\/strong>:\n<ul class=\"wp-block-list\">\n<li>Protegeix les espases de la llum solar directa per evitar danys als materials.<\/li>\n<\/ul>\n<\/li>\n<\/ul>\n\n\n\n<h4 class=\"wp-block-heading\">On adquirir espases medievals?<\/h4>\n\n\n\n<p>A <strong>Antig\u00fcedades Pasqu\u00edn<\/strong>, som especialistes en la venda d\u2019espases medievals i peces hist\u00f2riques. Oferim:<\/p>\n\n\n\n<ul class=\"wp-block-list\">\n<li><strong>Espases originals i r\u00e8pliques<\/strong>:\n<ul class=\"wp-block-list\">\n<li>Ideals per a col\u00b7leccionistes i entusiastes de la hist\u00f2ria.<\/li>\n<\/ul>\n<\/li>\n\n\n\n<li><strong>Assessorament expert<\/strong>:\n<ul class=\"wp-block-list\">\n<li>El nostre equip t\u2019ajudar\u00e0 a triar la pe\u00e7a perfecta segons els teus interessos.<\/li>\n<\/ul>\n<\/li>\n\n\n\n<li><strong>Qualitat garantida<\/strong>:\n<ul class=\"wp-block-list\">\n<li>Cada pe\u00e7a \u00e9s seleccionada acuradament per garantir autenticitat i excel\u00b7l\u00e8ncia.<\/li>\n<\/ul>\n<\/li>\n<\/ul>\n\n\n\n<h4 class=\"wp-block-heading\">Conclusi\u00f3<\/h4>\n\n\n\n<p>Col\u00b7leccionar espases medievals \u00e9s molt m\u00e9s que una afici\u00f3; \u00e9s una manera de connectar amb la hist\u00f2ria i preservar un llegat cultural inavaluable. Con\u00e8ixer els diferents tipus d\u2019espases i cuidar-les adequadament assegurar\u00e0 que aquestes joies hist\u00f2riques es mantinguin intactes al llarg del temps. Visita la nostra web <a href=\"https:\/\/antiguedadespasquin.com\">www.antiguedadespasquin.com<\/a> per descobrir una \u00e0mplia selecci\u00f3 d\u2019espases medievals i fer el primer pas en aquesta apassionant afici\u00f3.<\/p>\n","protected":false},"excerpt":{"rendered":"<p>El col\u00b7leccionisme d\u2019espases medievals \u00e9s una afici\u00f3 que combina hist\u00f2ria, art i passi\u00f3 per les armes antigues. Aquestes peces, carregades de simbolisme i tradici\u00f3, s\u00f3n testimonis del llegat cultural i militar de l\u2019Edat Mitjana. Si est\u00e0s interessat a endinsar-te en [&hellip;]<\/p>\n","protected":false},"author":3,"featured_media":4552,"comment_status":"open","ping_status":"closed","sticky":false,"template":"","format":"standard","meta":{"_yoast_wpseo_focuskw":"","_yoast_wpseo_title":"","_yoast_wpseo_metadesc":"","footnotes":""},"categories":[37],"tags":[],"class_list":["post-5856","post","type-post","status-publish","format-standard","has-post-thumbnail","hentry","category-sense-categoria"],"yoast_head":"<!-- This site is optimized with the Yoast SEO plugin v24.6 - https:\/\/yoast.com\/wordpress\/plugins\/seo\/ -->\n<title>Guia Definitiva per Col\u00b7leccionar Espases Medievals: Tipus i Cures - el Desv\u00e1n de Pedro Pasqu\u00edn<\/title>\n<meta name=\"robots\" content=\"index, follow, max-snippet:-1, max-image-preview:large, max-video-preview:-1\" \/>\n<link rel=\"canonical\" href=\"https:\/\/antiguedadespasquin.com\/ca\/guia-definitiva-per-colleccionar-espases-medievals-tipus-i-cures\/\" \/>\n<meta property=\"og:locale\" content=\"ca_ES\" \/>\n<meta property=\"og:type\" content=\"article\" \/>\n<meta property=\"og:title\" content=\"Guia Definitiva per Col\u00b7leccionar Espases Medievals: Tipus i Cures - el Desv\u00e1n de Pedro Pasqu\u00edn\" \/>\n<meta property=\"og:description\" content=\"El col\u00b7leccionisme d\u2019espases medievals \u00e9s una afici\u00f3 que combina hist\u00f2ria, art i passi\u00f3 per les armes antigues. Aquestes peces, carregades de simbolisme i tradici\u00f3, s\u00f3n testimonis del llegat cultural i militar de l\u2019Edat Mitjana. Si est\u00e0s interessat a endinsar-te en [&hellip;]\" \/>\n<meta property=\"og:url\" content=\"https:\/\/antiguedadespasquin.com\/ca\/guia-definitiva-per-colleccionar-espases-medievals-tipus-i-cures\/\" \/>\n<meta property=\"og:site_name\" content=\"el Desv\u00e1n de Pedro Pasqu\u00edn\" \/>\n<meta property=\"article:published_time\" content=\"2025-01-20T18:57:25+00:00\" \/>\n<meta property=\"article:modified_time\" content=\"2025-01-20T18:57:26+00:00\" \/>\n<meta property=\"og:image\" content=\"https:\/\/antiguedadespasquin.com\/wp-content\/uploads\/2021\/05\/MG_4736BannerSuperi-1024x553.jpg\" \/>\n\t<meta property=\"og:image:width\" content=\"1024\" \/>\n\t<meta property=\"og:image:height\" content=\"553\" \/>\n\t<meta property=\"og:image:type\" content=\"image\/jpeg\" \/>\n<meta name=\"author\" content=\"Alberto\" \/>\n<meta name=\"twitter:card\" content=\"summary_large_image\" \/>\n<meta name=\"twitter:label1\" content=\"Escrit per\" \/>\n\t<meta name=\"twitter:data1\" content=\"Alberto\" \/>\n\t<meta name=\"twitter:label2\" content=\"Temps estimat de lectura\" \/>\n\t<meta name=\"twitter:data2\" content=\"3 minuts\" \/>\n<script type=\"application\/ld+json\" class=\"yoast-schema-graph\">{\"@context\":\"https:\/\/schema.org\",\"@graph\":[{\"@type\":\"WebPage\",\"@id\":\"https:\/\/antiguedadespasquin.com\/ca\/guia-definitiva-per-colleccionar-espases-medievals-tipus-i-cures\/\",\"url\":\"https:\/\/antiguedadespasquin.com\/ca\/guia-definitiva-per-colleccionar-espases-medievals-tipus-i-cures\/\",\"name\":\"Guia Definitiva per Col\u00b7leccionar Espases Medievals: Tipus i Cures - el Desv\u00e1n de Pedro Pasqu\u00edn\",\"isPartOf\":{\"@id\":\"https:\/\/antiguedadespasquin.com\/ca\/#website\"},\"primaryImageOfPage\":{\"@id\":\"https:\/\/antiguedadespasquin.com\/ca\/guia-definitiva-per-colleccionar-espases-medievals-tipus-i-cures\/#primaryimage\"},\"image\":{\"@id\":\"https:\/\/antiguedadespasquin.com\/ca\/guia-definitiva-per-colleccionar-espases-medievals-tipus-i-cures\/#primaryimage\"},\"thumbnailUrl\":\"https:\/\/antiguedadespasquin.com\/wp-content\/uploads\/2021\/05\/MG_4736BannerSuperi.jpg\",\"datePublished\":\"2025-01-20T18:57:25+00:00\",\"dateModified\":\"2025-01-20T18:57:26+00:00\",\"author\":{\"@id\":\"https:\/\/antiguedadespasquin.com\/ca\/#\/schema\/person\/ff496689dddfa85553cb01918beeb183\"},\"breadcrumb\":{\"@id\":\"https:\/\/antiguedadespasquin.com\/ca\/guia-definitiva-per-colleccionar-espases-medievals-tipus-i-cures\/#breadcrumb\"},\"inLanguage\":\"ca\",\"potentialAction\":[{\"@type\":\"ReadAction\",\"target\":[\"https:\/\/antiguedadespasquin.com\/ca\/guia-definitiva-per-colleccionar-espases-medievals-tipus-i-cures\/\"]}]},{\"@type\":\"ImageObject\",\"inLanguage\":\"ca\",\"@id\":\"https:\/\/antiguedadespasquin.com\/ca\/guia-definitiva-per-colleccionar-espases-medievals-tipus-i-cures\/#primaryimage\",\"url\":\"https:\/\/antiguedadespasquin.com\/wp-content\/uploads\/2021\/05\/MG_4736BannerSuperi.jpg\",\"contentUrl\":\"https:\/\/antiguedadespasquin.com\/wp-content\/uploads\/2021\/05\/MG_4736BannerSuperi.jpg\",\"width\":2560,\"height\":1382},{\"@type\":\"BreadcrumbList\",\"@id\":\"https:\/\/antiguedadespasquin.com\/ca\/guia-definitiva-per-colleccionar-espases-medievals-tipus-i-cures\/#breadcrumb\",\"itemListElement\":[{\"@type\":\"ListItem\",\"position\":1,\"name\":\"Portada\",\"item\":\"https:\/\/antiguedadespasquin.com\/ca\/\"},{\"@type\":\"ListItem\",\"position\":2,\"name\":\"Guia Definitiva per Col\u00b7leccionar Espases Medievals: Tipus i Cures\"}]},{\"@type\":\"WebSite\",\"@id\":\"https:\/\/antiguedadespasquin.com\/ca\/#website\",\"url\":\"https:\/\/antiguedadespasquin.com\/ca\/\",\"name\":\"el Desv\u00e1n de Pedro Pasqu\u00edn\",\"description\":\"\",\"potentialAction\":[{\"@type\":\"SearchAction\",\"target\":{\"@type\":\"EntryPoint\",\"urlTemplate\":\"https:\/\/antiguedadespasquin.com\/ca\/?s={search_term_string}\"},\"query-input\":{\"@type\":\"PropertyValueSpecification\",\"valueRequired\":true,\"valueName\":\"search_term_string\"}}],\"inLanguage\":\"ca\"},{\"@type\":\"Person\",\"@id\":\"https:\/\/antiguedadespasquin.com\/ca\/#\/schema\/person\/ff496689dddfa85553cb01918beeb183\",\"name\":\"Alberto\",\"url\":\"https:\/\/antiguedadespasquin.com\/ca\/author\/alberto\/\"}]}<\/script>\n<!-- \/ Yoast SEO plugin. -->","yoast_head_json":{"title":"Guia Definitiva per Col\u00b7leccionar Espases Medievals: Tipus i Cures - el Desv\u00e1n de Pedro Pasqu\u00edn","robots":{"index":"index","follow":"follow","max-snippet":"max-snippet:-1","max-image-preview":"max-image-preview:large","max-video-preview":"max-video-preview:-1"},"canonical":"https:\/\/antiguedadespasquin.com\/ca\/guia-definitiva-per-colleccionar-espases-medievals-tipus-i-cures\/","og_locale":"ca_ES","og_type":"article","og_title":"Guia Definitiva per Col\u00b7leccionar Espases Medievals: Tipus i Cures - el Desv\u00e1n de Pedro Pasqu\u00edn","og_description":"El col\u00b7leccionisme d\u2019espases medievals \u00e9s una afici\u00f3 que combina hist\u00f2ria, art i passi\u00f3 per les armes antigues. Aquestes peces, carregades de simbolisme i tradici\u00f3, s\u00f3n testimonis del llegat cultural i militar de l\u2019Edat Mitjana. Si est\u00e0s interessat a endinsar-te en [&hellip;]","og_url":"https:\/\/antiguedadespasquin.com\/ca\/guia-definitiva-per-colleccionar-espases-medievals-tipus-i-cures\/","og_site_name":"el Desv\u00e1n de Pedro Pasqu\u00edn","article_published_time":"2025-01-20T18:57:25+00:00","article_modified_time":"2025-01-20T18:57:26+00:00","og_image":[{"width":1024,"height":553,"url":"https:\/\/antiguedadespasquin.com\/wp-content\/uploads\/2021\/05\/MG_4736BannerSuperi-1024x553.jpg","type":"image\/jpeg"}],"author":"Alberto","twitter_card":"summary_large_image","twitter_misc":{"Escrit per":"Alberto","Temps estimat de lectura":"3 minuts"},"schema":{"@context":"https:\/\/schema.org","@graph":[{"@type":"WebPage","@id":"https:\/\/antiguedadespasquin.com\/ca\/guia-definitiva-per-colleccionar-espases-medievals-tipus-i-cures\/","url":"https:\/\/antiguedadespasquin.com\/ca\/guia-definitiva-per-colleccionar-espases-medievals-tipus-i-cures\/","name":"Guia Definitiva per Col\u00b7leccionar Espases Medievals: Tipus i Cures - el Desv\u00e1n de Pedro Pasqu\u00edn","isPartOf":{"@id":"https:\/\/antiguedadespasquin.com\/ca\/#website"},"primaryImageOfPage":{"@id":"https:\/\/antiguedadespasquin.com\/ca\/guia-definitiva-per-colleccionar-espases-medievals-tipus-i-cures\/#primaryimage"},"image":{"@id":"https:\/\/antiguedadespasquin.com\/ca\/guia-definitiva-per-colleccionar-espases-medievals-tipus-i-cures\/#primaryimage"},"thumbnailUrl":"https:\/\/antiguedadespasquin.com\/wp-content\/uploads\/2021\/05\/MG_4736BannerSuperi.jpg","datePublished":"2025-01-20T18:57:25+00:00","dateModified":"2025-01-20T18:57:26+00:00","author":{"@id":"https:\/\/antiguedadespasquin.com\/ca\/#\/schema\/person\/ff496689dddfa85553cb01918beeb183"},"breadcrumb":{"@id":"https:\/\/antiguedadespasquin.com\/ca\/guia-definitiva-per-colleccionar-espases-medievals-tipus-i-cures\/#breadcrumb"},"inLanguage":"ca","potentialAction":[{"@type":"ReadAction","target":["https:\/\/antiguedadespasquin.com\/ca\/guia-definitiva-per-colleccionar-espases-medievals-tipus-i-cures\/"]}]},{"@type":"ImageObject","inLanguage":"ca","@id":"https:\/\/antiguedadespasquin.com\/ca\/guia-definitiva-per-colleccionar-espases-medievals-tipus-i-cures\/#primaryimage","url":"https:\/\/antiguedadespasquin.com\/wp-content\/uploads\/2021\/05\/MG_4736BannerSuperi.jpg","contentUrl":"https:\/\/antiguedadespasquin.com\/wp-content\/uploads\/2021\/05\/MG_4736BannerSuperi.jpg","width":2560,"height":1382},{"@type":"BreadcrumbList","@id":"https:\/\/antiguedadespasquin.com\/ca\/guia-definitiva-per-colleccionar-espases-medievals-tipus-i-cures\/#breadcrumb","itemListElement":[{"@type":"ListItem","position":1,"name":"Portada","item":"https:\/\/antiguedadespasquin.com\/ca\/"},{"@type":"ListItem","position":2,"name":"Guia Definitiva per Col\u00b7leccionar Espases Medievals: Tipus i Cures"}]},{"@type":"WebSite","@id":"https:\/\/antiguedadespasquin.com\/ca\/#website","url":"https:\/\/antiguedadespasquin.com\/ca\/","name":"el Desv\u00e1n de Pedro Pasqu\u00edn","description":"","potentialAction":[{"@type":"SearchAction","target":{"@type":"EntryPoint","urlTemplate":"https:\/\/antiguedadespasquin.com\/ca\/?s={search_term_string}"},"query-input":{"@type":"PropertyValueSpecification","valueRequired":true,"valueName":"search_term_string"}}],"inLanguage":"ca"},{"@type":"Person","@id":"https:\/\/antiguedadespasquin.com\/ca\/#\/schema\/person\/ff496689dddfa85553cb01918beeb183","name":"Alberto","url":"https:\/\/antiguedadespasquin.com\/ca\/author\/alberto\/"}]}},"_links":{"self":[{"href":"https:\/\/antiguedadespasquin.com\/ca\/wp-json\/wp\/v2\/posts\/5856","targetHints":{"allow":["GET"]}}],"collection":[{"href":"https:\/\/antiguedadespasquin.com\/ca\/wp-json\/wp\/v2\/posts"}],"about":[{"href":"https:\/\/antiguedadespasquin.com\/ca\/wp-json\/wp\/v2\/types\/post"}],"author":[{"embeddable":true,"href":"https:\/\/antiguedadespasquin.com\/ca\/wp-json\/wp\/v2\/users\/3"}],"replies":[{"embeddable":true,"href":"https:\/\/antiguedadespasquin.com\/ca\/wp-json\/wp\/v2\/comments?post=5856"}],"version-history":[{"count":0,"href":"https:\/\/antiguedadespasquin.com\/ca\/wp-json\/wp\/v2\/posts\/5856\/revisions"}],"wp:featuredmedia":[{"embeddable":true,"href":"https:\/\/antiguedadespasquin.com\/ca\/wp-json\/wp\/v2\/media\/4552"}],"wp:attachment":[{"href":"https:\/\/antiguedadespasquin.com\/ca\/wp-json\/wp\/v2\/media?parent=5856"}],"wp:term":[{"taxonomy":"category","embeddable":true,"href":"https:\/\/antiguedadespasquin.com\/ca\/wp-json\/wp\/v2\/categories?post=5856"},{"taxonomy":"post_tag","embeddable":true,"href":"https:\/\/antiguedadespasquin.com\/ca\/wp-json\/wp\/v2\/tags?post=5856"}],"curies":[{"name":"wp","href":"https:\/\/api.w.org\/{rel}","templated":true}]}}