{"id":5840,"date":"2025-01-24T20:39:05","date_gmt":"2025-01-24T18:39:05","guid":{"rendered":"https:\/\/antiguedadespasquin.com\/?p=5840"},"modified":"2025-01-21T17:24:51","modified_gmt":"2025-01-21T15:24:51","slug":"diferencies-entre-espases-medievals-i-espases-del-segle-xvi","status":"publish","type":"post","link":"https:\/\/antiguedadespasquin.com\/ca\/diferencies-entre-espases-medievals-i-espases-del-segle-xvi\/","title":{"rendered":"Difer\u00e8ncies Entre Espases Medievals i Espases del Segle XVI"},"content":{"rendered":"\n<figure class=\"wp-block-image size-large\"><img fetchpriority=\"high\" decoding=\"async\" width=\"1024\" height=\"683\" src=\"https:\/\/antiguedadespasquin.com\/wp-content\/uploads\/2021\/05\/MG_4705-1024x683.jpg\" alt=\"\" class=\"wp-image-3663\" srcset=\"https:\/\/antiguedadespasquin.com\/wp-content\/uploads\/2021\/05\/MG_4705-1024x683.jpg 1024w, https:\/\/antiguedadespasquin.com\/wp-content\/uploads\/2021\/05\/MG_4705-300x200.jpg 300w, https:\/\/antiguedadespasquin.com\/wp-content\/uploads\/2021\/05\/MG_4705-768x512.jpg 768w, https:\/\/antiguedadespasquin.com\/wp-content\/uploads\/2021\/05\/MG_4705-1536x1024.jpg 1536w, https:\/\/antiguedadespasquin.com\/wp-content\/uploads\/2021\/05\/MG_4705-2048x1365.jpg 2048w, https:\/\/antiguedadespasquin.com\/wp-content\/uploads\/2021\/05\/MG_4705-700x466.jpg 700w, https:\/\/antiguedadespasquin.com\/wp-content\/uploads\/2021\/05\/MG_4705-440x293.jpg 440w, https:\/\/antiguedadespasquin.com\/wp-content\/uploads\/2021\/05\/MG_4705-600x400.jpg 600w\" sizes=\"(max-width: 1024px) 100vw, 1024px\" \/><\/figure>\n\n\n\n<p>Les espases han estat eines i armes fonamentals al llarg de la hist\u00f2ria, evolucionant per adaptar-se als canvis en les t\u00e8cniques de combat, la tecnologia i la cultura. Les espases medievals i les del segle XVI presenten difer\u00e8ncies significatives en disseny, funcionalitat i \u00fas, reflectint les necessitats i estils de les seves respectives \u00e8poques. A continuaci\u00f3, explorarem aquestes difer\u00e8ncies i les seves caracter\u00edstiques clau.<\/p>\n\n\n\n<h4 class=\"wp-block-heading\">Caracter\u00edstiques de les espases medievals<\/h4>\n\n\n\n<p>Les espases medievals es van utilitzar principalment durant els segles X al XV, una \u00e8poca marcada per cavallers, croades i batalles cos a cos.<\/p>\n\n\n\n<h5 class=\"wp-block-heading\">Disseny<\/h5>\n\n\n\n<ul class=\"wp-block-list\">\n<li><strong>Fulla recta i de doble tall<\/strong>:\n<ul class=\"wp-block-list\">\n<li>Dissenyada per a talls potents i efectius.<\/li>\n\n\n\n<li>Longitud mitjana: 70 a 100 cm.<\/li>\n<\/ul>\n<\/li>\n\n\n\n<li><strong>Empunyadura senzilla<\/strong>:\n<ul class=\"wp-block-list\">\n<li>Adequada per a un agarre segur amb una sola m\u00e0.<\/li>\n\n\n\n<li>Creu o guarda recta per protegir la m\u00e0.<\/li>\n<\/ul>\n<\/li>\n\n\n\n<li><strong>Punta afilada<\/strong>:\n<ul class=\"wp-block-list\">\n<li>Tamb\u00e9 utilitzada per a estocades.<\/li>\n<\/ul>\n<\/li>\n<\/ul>\n\n\n\n<h5 class=\"wp-block-heading\">Funcionalitat<\/h5>\n\n\n\n<ul class=\"wp-block-list\">\n<li><strong>Combat cos a cos<\/strong>:\n<ul class=\"wp-block-list\">\n<li>Ideal per a batalles en camp obert i tornejos.<\/li>\n\n\n\n<li>Dissenyada per travessar armadures lleugeres i cota de malla.<\/li>\n<\/ul>\n<\/li>\n<\/ul>\n\n\n\n<h5 class=\"wp-block-heading\">Tipus d\u2019espases medievals<\/h5>\n\n\n\n<ul class=\"wp-block-list\">\n<li><strong>Espasa d&#8217;una m\u00e0<\/strong>: Lleugera i manejable, utilitzada amb un escut.<\/li>\n\n\n\n<li><strong>Espasa llarga o mandoble<\/strong>: Pensada per a atacs m\u00e9s contundents, manejada amb dues mans.<\/li>\n\n\n\n<li><strong>Espasa bastarda<\/strong>: Coneguda com a &#8220;de m\u00e0 i mitja&#8221; per la seva versatilitat.<\/li>\n<\/ul>\n\n\n\n<h4 class=\"wp-block-heading\">Caracter\u00edstiques de les espases del segle XVI<\/h4>\n\n\n\n<p>El segle XVI va marcar l\u2019inici del Renaixement, un per\u00edode d\u2019innovaci\u00f3 en armes i t\u00e0ctiques militars. Les espases d\u2019aquesta \u00e8poca reflecteixen un enfocament m\u00e9s refinat i defensiu.<\/p>\n\n\n\n<h5 class=\"wp-block-heading\">Disseny<\/h5>\n\n\n\n<ul class=\"wp-block-list\">\n<li><strong>Fulla m\u00e9s prima i punxeguda<\/strong>:\n<ul class=\"wp-block-list\">\n<li>Enfocada en estocades precises m\u00e9s que en talls.<\/li>\n\n\n\n<li>Longitud mitjana: 90 a 120 cm.<\/li>\n<\/ul>\n<\/li>\n\n\n\n<li><strong>Empunyadura elaborada<\/strong>:\n<ul class=\"wp-block-list\">\n<li>Guardes complexes i decoratives per protegir la m\u00e0.<\/li>\n\n\n\n<li>Dissenys ergon\u00f2mics que milloraven el control.<\/li>\n<\/ul>\n<\/li>\n\n\n\n<li><strong>Lleugeresa<\/strong>:\n<ul class=\"wp-block-list\">\n<li>Permetia moviments r\u00e0pids i fluids en duels.<\/li>\n<\/ul>\n<\/li>\n<\/ul>\n\n\n\n<h5 class=\"wp-block-heading\">Funcionalitat<\/h5>\n\n\n\n<ul class=\"wp-block-list\">\n<li><strong>Duels i defensa personal<\/strong>:\n<ul class=\"wp-block-list\">\n<li>Dissenyades per al combat civil i personal.<\/li>\n\n\n\n<li>Populars entre la noblesa i cavallers.<\/li>\n<\/ul>\n<\/li>\n\n\n\n<li><strong>Espases r\u00e0pides i precises<\/strong>:\n<ul class=\"wp-block-list\">\n<li>Adaptades a les noves t\u00e8cniques d\u2019esgrima.<\/li>\n<\/ul>\n<\/li>\n<\/ul>\n\n\n\n<h5 class=\"wp-block-heading\">Tipus d\u2019espases del segle XVI<\/h5>\n\n\n\n<ul class=\"wp-block-list\">\n<li><strong>Espasa ropera<\/strong>:\n<ul class=\"wp-block-list\">\n<li>Fina i elegant, ideal per a duels.<\/li>\n\n\n\n<li>Acompanyada de dagues en combats defensius.<\/li>\n<\/ul>\n<\/li>\n\n\n\n<li><strong>Espases ornamentals<\/strong>:\n<ul class=\"wp-block-list\">\n<li>Dissenyades m\u00e9s com a s\u00edmbols d\u2019estatus que com a armes.<\/li>\n<\/ul>\n<\/li>\n<\/ul>\n\n\n\n<h4 class=\"wp-block-heading\">Difer\u00e8ncies clau entre espases medievals i del segle XVI<\/h4>\n\n\n\n<figure class=\"wp-block-table\"><table class=\"has-fixed-layout\"><thead><tr><th><strong>Aspecte<\/strong><\/th><th><strong>Espases Medievals<\/strong><\/th><th><strong>Espases del Segle XVI<\/strong><\/th><\/tr><\/thead><tbody><tr><td><strong>\u00das principal<\/strong><\/td><td>Batalles i combats cos a cos<\/td><td>Duels i defensa personal<\/td><\/tr><tr><td><strong>Disseny de la fulla<\/strong><\/td><td>Recta, ampla, de doble tall<\/td><td>Prima, punxeguda, enfocada en estocades<\/td><\/tr><tr><td><strong>Empunyadura<\/strong><\/td><td>Senzilla, amb creu recta<\/td><td>Elaborada, amb guardes decoratives<\/td><\/tr><tr><td><strong>T\u00e8cniques de combat<\/strong><\/td><td>Talls i estocades<\/td><td>Precisi\u00f3 i rapidesa<\/td><\/tr><tr><td><strong>Materials decoratius<\/strong><\/td><td>Funcionals, amb pocs adorns<\/td><td>Ornamentals, amb disseny elegant<\/td><\/tr><\/tbody><\/table><\/figure>\n\n\n\n<h4 class=\"wp-block-heading\">L\u2019espasa espanyola: Una transici\u00f3 entre estils<\/h4>\n\n\n\n<p>A Espanya, les espases del segle XVI reflecteixen una barreja de tradici\u00f3 medieval i renaixentista. Alguns exemples emblem\u00e0tics inclouen:<\/p>\n\n\n\n<ul class=\"wp-block-list\">\n<li><strong>Espasa ropera espanyola<\/strong>:\n<ul class=\"wp-block-list\">\n<li>Molt popular entre els nobles.<\/li>\n\n\n\n<li>Dissenyada tant per a combat com per a llu\u00efment.<\/li>\n<\/ul>\n<\/li>\n\n\n\n<li><strong>Espases de Toledo<\/strong>:\n<ul class=\"wp-block-list\">\n<li>Famoses per l\u2019acer d\u2019alta qualitat.<\/li>\n\n\n\n<li>Utilitzades arreu d\u2019Europa gr\u00e0cies a la seva reputaci\u00f3.<\/li>\n<\/ul>\n<\/li>\n<\/ul>\n\n\n\n<h4 class=\"wp-block-heading\">Conclusi\u00f3<\/h4>\n\n\n\n<p>Les difer\u00e8ncies entre les espases medievals i les del segle XVI reflecteixen l\u2019evoluci\u00f3 en l\u2019art de la guerra, les t\u00e8cniques de combat i els canvis culturals. Mentre que les espases medievals prioritzaven la for\u00e7a i la resist\u00e8ncia en batalla, les del segle XVI destacaven per la seva rapidesa, precisi\u00f3 i eleg\u00e0ncia. Si vols aprendre m\u00e9s o adquirir una d\u2019aquestes peces hist\u00f2riques, visita la nostra web <a href=\"https:\/\/antiguedadespasquin.com\/\">www.antiguedadespasquin.com<\/a> i explora la nostra selecci\u00f3 d\u2019espases i antiguitats.<\/p>\n","protected":false},"excerpt":{"rendered":"<p>Les espases han estat eines i armes fonamentals al llarg de la hist\u00f2ria, evolucionant per adaptar-se als canvis en les t\u00e8cniques de combat, la tecnologia i la cultura. Les espases medievals i les del segle XVI presenten difer\u00e8ncies significatives en [&hellip;]<\/p>\n","protected":false},"author":3,"featured_media":4527,"comment_status":"open","ping_status":"closed","sticky":false,"template":"","format":"standard","meta":{"_yoast_wpseo_focuskw":"","_yoast_wpseo_title":"","_yoast_wpseo_metadesc":"","footnotes":""},"categories":[37],"tags":[],"class_list":["post-5840","post","type-post","status-publish","format-standard","has-post-thumbnail","hentry","category-sense-categoria"],"yoast_head":"<!-- This site is optimized with the Yoast SEO plugin v24.6 - https:\/\/yoast.com\/wordpress\/plugins\/seo\/ -->\n<title>Difer\u00e8ncies Entre Espases Medievals i Espases del Segle XVI - el Desv\u00e1n de Pedro Pasqu\u00edn<\/title>\n<meta name=\"robots\" content=\"index, follow, max-snippet:-1, max-image-preview:large, max-video-preview:-1\" \/>\n<link rel=\"canonical\" href=\"https:\/\/antiguedadespasquin.com\/ca\/diferencies-entre-espases-medievals-i-espases-del-segle-xvi\/\" \/>\n<meta property=\"og:locale\" content=\"ca_ES\" \/>\n<meta property=\"og:type\" content=\"article\" \/>\n<meta property=\"og:title\" content=\"Difer\u00e8ncies Entre Espases Medievals i Espases del Segle XVI - el Desv\u00e1n de Pedro Pasqu\u00edn\" \/>\n<meta property=\"og:description\" content=\"Les espases han estat eines i armes fonamentals al llarg de la hist\u00f2ria, evolucionant per adaptar-se als canvis en les t\u00e8cniques de combat, la tecnologia i la cultura. Les espases medievals i les del segle XVI presenten difer\u00e8ncies significatives en [&hellip;]\" \/>\n<meta property=\"og:url\" content=\"https:\/\/antiguedadespasquin.com\/ca\/diferencies-entre-espases-medievals-i-espases-del-segle-xvi\/\" \/>\n<meta property=\"og:site_name\" content=\"el Desv\u00e1n de Pedro Pasqu\u00edn\" \/>\n<meta property=\"article:published_time\" content=\"2025-01-24T18:39:05+00:00\" \/>\n<meta property=\"og:image\" content=\"https:\/\/antiguedadespasquin.com\/wp-content\/uploads\/2021\/05\/MG_4705-scaled.jpg\" \/>\n\t<meta property=\"og:image:width\" content=\"2560\" \/>\n\t<meta property=\"og:image:height\" content=\"1707\" \/>\n\t<meta property=\"og:image:type\" content=\"image\/jpeg\" \/>\n<meta name=\"author\" content=\"Alberto\" \/>\n<meta name=\"twitter:card\" content=\"summary_large_image\" \/>\n<meta name=\"twitter:label1\" content=\"Escrit per\" \/>\n\t<meta name=\"twitter:data1\" content=\"Alberto\" \/>\n\t<meta name=\"twitter:label2\" content=\"Temps estimat de lectura\" \/>\n\t<meta name=\"twitter:data2\" content=\"3 minuts\" \/>\n<script type=\"application\/ld+json\" class=\"yoast-schema-graph\">{\"@context\":\"https:\/\/schema.org\",\"@graph\":[{\"@type\":\"WebPage\",\"@id\":\"https:\/\/antiguedadespasquin.com\/ca\/diferencies-entre-espases-medievals-i-espases-del-segle-xvi\/\",\"url\":\"https:\/\/antiguedadespasquin.com\/ca\/diferencies-entre-espases-medievals-i-espases-del-segle-xvi\/\",\"name\":\"Difer\u00e8ncies Entre Espases Medievals i Espases del Segle XVI - el Desv\u00e1n de Pedro Pasqu\u00edn\",\"isPartOf\":{\"@id\":\"https:\/\/antiguedadespasquin.com\/ca\/#website\"},\"primaryImageOfPage\":{\"@id\":\"https:\/\/antiguedadespasquin.com\/ca\/diferencies-entre-espases-medievals-i-espases-del-segle-xvi\/#primaryimage\"},\"image\":{\"@id\":\"https:\/\/antiguedadespasquin.com\/ca\/diferencies-entre-espases-medievals-i-espases-del-segle-xvi\/#primaryimage\"},\"thumbnailUrl\":\"https:\/\/antiguedadespasquin.com\/wp-content\/uploads\/2021\/05\/MG_4705-scaled.jpg\",\"datePublished\":\"2025-01-24T18:39:05+00:00\",\"author\":{\"@id\":\"https:\/\/antiguedadespasquin.com\/ca\/#\/schema\/person\/ff496689dddfa85553cb01918beeb183\"},\"breadcrumb\":{\"@id\":\"https:\/\/antiguedadespasquin.com\/ca\/diferencies-entre-espases-medievals-i-espases-del-segle-xvi\/#breadcrumb\"},\"inLanguage\":\"ca\",\"potentialAction\":[{\"@type\":\"ReadAction\",\"target\":[\"https:\/\/antiguedadespasquin.com\/ca\/diferencies-entre-espases-medievals-i-espases-del-segle-xvi\/\"]}]},{\"@type\":\"ImageObject\",\"inLanguage\":\"ca\",\"@id\":\"https:\/\/antiguedadespasquin.com\/ca\/diferencies-entre-espases-medievals-i-espases-del-segle-xvi\/#primaryimage\",\"url\":\"https:\/\/antiguedadespasquin.com\/wp-content\/uploads\/2021\/05\/MG_4705-scaled.jpg\",\"contentUrl\":\"https:\/\/antiguedadespasquin.com\/wp-content\/uploads\/2021\/05\/MG_4705-scaled.jpg\",\"width\":2560,\"height\":1707},{\"@type\":\"BreadcrumbList\",\"@id\":\"https:\/\/antiguedadespasquin.com\/ca\/diferencies-entre-espases-medievals-i-espases-del-segle-xvi\/#breadcrumb\",\"itemListElement\":[{\"@type\":\"ListItem\",\"position\":1,\"name\":\"Portada\",\"item\":\"https:\/\/antiguedadespasquin.com\/ca\/\"},{\"@type\":\"ListItem\",\"position\":2,\"name\":\"Difer\u00e8ncies Entre Espases Medievals i Espases del Segle XVI\"}]},{\"@type\":\"WebSite\",\"@id\":\"https:\/\/antiguedadespasquin.com\/ca\/#website\",\"url\":\"https:\/\/antiguedadespasquin.com\/ca\/\",\"name\":\"el Desv\u00e1n de Pedro Pasqu\u00edn\",\"description\":\"\",\"potentialAction\":[{\"@type\":\"SearchAction\",\"target\":{\"@type\":\"EntryPoint\",\"urlTemplate\":\"https:\/\/antiguedadespasquin.com\/ca\/?s={search_term_string}\"},\"query-input\":{\"@type\":\"PropertyValueSpecification\",\"valueRequired\":true,\"valueName\":\"search_term_string\"}}],\"inLanguage\":\"ca\"},{\"@type\":\"Person\",\"@id\":\"https:\/\/antiguedadespasquin.com\/ca\/#\/schema\/person\/ff496689dddfa85553cb01918beeb183\",\"name\":\"Alberto\",\"url\":\"https:\/\/antiguedadespasquin.com\/ca\/author\/alberto\/\"}]}<\/script>\n<!-- \/ Yoast SEO plugin. -->","yoast_head_json":{"title":"Difer\u00e8ncies Entre Espases Medievals i Espases del Segle XVI - el Desv\u00e1n de Pedro Pasqu\u00edn","robots":{"index":"index","follow":"follow","max-snippet":"max-snippet:-1","max-image-preview":"max-image-preview:large","max-video-preview":"max-video-preview:-1"},"canonical":"https:\/\/antiguedadespasquin.com\/ca\/diferencies-entre-espases-medievals-i-espases-del-segle-xvi\/","og_locale":"ca_ES","og_type":"article","og_title":"Difer\u00e8ncies Entre Espases Medievals i Espases del Segle XVI - el Desv\u00e1n de Pedro Pasqu\u00edn","og_description":"Les espases han estat eines i armes fonamentals al llarg de la hist\u00f2ria, evolucionant per adaptar-se als canvis en les t\u00e8cniques de combat, la tecnologia i la cultura. Les espases medievals i les del segle XVI presenten difer\u00e8ncies significatives en [&hellip;]","og_url":"https:\/\/antiguedadespasquin.com\/ca\/diferencies-entre-espases-medievals-i-espases-del-segle-xvi\/","og_site_name":"el Desv\u00e1n de Pedro Pasqu\u00edn","article_published_time":"2025-01-24T18:39:05+00:00","og_image":[{"width":2560,"height":1707,"url":"https:\/\/antiguedadespasquin.com\/wp-content\/uploads\/2021\/05\/MG_4705-scaled.jpg","type":"image\/jpeg"}],"author":"Alberto","twitter_card":"summary_large_image","twitter_misc":{"Escrit per":"Alberto","Temps estimat de lectura":"3 minuts"},"schema":{"@context":"https:\/\/schema.org","@graph":[{"@type":"WebPage","@id":"https:\/\/antiguedadespasquin.com\/ca\/diferencies-entre-espases-medievals-i-espases-del-segle-xvi\/","url":"https:\/\/antiguedadespasquin.com\/ca\/diferencies-entre-espases-medievals-i-espases-del-segle-xvi\/","name":"Difer\u00e8ncies Entre Espases Medievals i Espases del Segle XVI - el Desv\u00e1n de Pedro Pasqu\u00edn","isPartOf":{"@id":"https:\/\/antiguedadespasquin.com\/ca\/#website"},"primaryImageOfPage":{"@id":"https:\/\/antiguedadespasquin.com\/ca\/diferencies-entre-espases-medievals-i-espases-del-segle-xvi\/#primaryimage"},"image":{"@id":"https:\/\/antiguedadespasquin.com\/ca\/diferencies-entre-espases-medievals-i-espases-del-segle-xvi\/#primaryimage"},"thumbnailUrl":"https:\/\/antiguedadespasquin.com\/wp-content\/uploads\/2021\/05\/MG_4705-scaled.jpg","datePublished":"2025-01-24T18:39:05+00:00","author":{"@id":"https:\/\/antiguedadespasquin.com\/ca\/#\/schema\/person\/ff496689dddfa85553cb01918beeb183"},"breadcrumb":{"@id":"https:\/\/antiguedadespasquin.com\/ca\/diferencies-entre-espases-medievals-i-espases-del-segle-xvi\/#breadcrumb"},"inLanguage":"ca","potentialAction":[{"@type":"ReadAction","target":["https:\/\/antiguedadespasquin.com\/ca\/diferencies-entre-espases-medievals-i-espases-del-segle-xvi\/"]}]},{"@type":"ImageObject","inLanguage":"ca","@id":"https:\/\/antiguedadespasquin.com\/ca\/diferencies-entre-espases-medievals-i-espases-del-segle-xvi\/#primaryimage","url":"https:\/\/antiguedadespasquin.com\/wp-content\/uploads\/2021\/05\/MG_4705-scaled.jpg","contentUrl":"https:\/\/antiguedadespasquin.com\/wp-content\/uploads\/2021\/05\/MG_4705-scaled.jpg","width":2560,"height":1707},{"@type":"BreadcrumbList","@id":"https:\/\/antiguedadespasquin.com\/ca\/diferencies-entre-espases-medievals-i-espases-del-segle-xvi\/#breadcrumb","itemListElement":[{"@type":"ListItem","position":1,"name":"Portada","item":"https:\/\/antiguedadespasquin.com\/ca\/"},{"@type":"ListItem","position":2,"name":"Difer\u00e8ncies Entre Espases Medievals i Espases del Segle XVI"}]},{"@type":"WebSite","@id":"https:\/\/antiguedadespasquin.com\/ca\/#website","url":"https:\/\/antiguedadespasquin.com\/ca\/","name":"el Desv\u00e1n de Pedro Pasqu\u00edn","description":"","potentialAction":[{"@type":"SearchAction","target":{"@type":"EntryPoint","urlTemplate":"https:\/\/antiguedadespasquin.com\/ca\/?s={search_term_string}"},"query-input":{"@type":"PropertyValueSpecification","valueRequired":true,"valueName":"search_term_string"}}],"inLanguage":"ca"},{"@type":"Person","@id":"https:\/\/antiguedadespasquin.com\/ca\/#\/schema\/person\/ff496689dddfa85553cb01918beeb183","name":"Alberto","url":"https:\/\/antiguedadespasquin.com\/ca\/author\/alberto\/"}]}},"_links":{"self":[{"href":"https:\/\/antiguedadespasquin.com\/ca\/wp-json\/wp\/v2\/posts\/5840","targetHints":{"allow":["GET"]}}],"collection":[{"href":"https:\/\/antiguedadespasquin.com\/ca\/wp-json\/wp\/v2\/posts"}],"about":[{"href":"https:\/\/antiguedadespasquin.com\/ca\/wp-json\/wp\/v2\/types\/post"}],"author":[{"embeddable":true,"href":"https:\/\/antiguedadespasquin.com\/ca\/wp-json\/wp\/v2\/users\/3"}],"replies":[{"embeddable":true,"href":"https:\/\/antiguedadespasquin.com\/ca\/wp-json\/wp\/v2\/comments?post=5840"}],"version-history":[{"count":0,"href":"https:\/\/antiguedadespasquin.com\/ca\/wp-json\/wp\/v2\/posts\/5840\/revisions"}],"wp:featuredmedia":[{"embeddable":true,"href":"https:\/\/antiguedadespasquin.com\/ca\/wp-json\/wp\/v2\/media\/4527"}],"wp:attachment":[{"href":"https:\/\/antiguedadespasquin.com\/ca\/wp-json\/wp\/v2\/media?parent=5840"}],"wp:term":[{"taxonomy":"category","embeddable":true,"href":"https:\/\/antiguedadespasquin.com\/ca\/wp-json\/wp\/v2\/categories?post=5840"},{"taxonomy":"post_tag","embeddable":true,"href":"https:\/\/antiguedadespasquin.com\/ca\/wp-json\/wp\/v2\/tags?post=5840"}],"curies":[{"name":"wp","href":"https:\/\/api.w.org\/{rel}","templated":true}]}}